{"id":62877,"date":"2020-06-12T15:37:29","date_gmt":"2020-06-12T18:37:29","guid":{"rendered":"https:\/\/www.actualidadadiario.com\/?p=62877"},"modified":"2020-06-12T15:37:29","modified_gmt":"2020-06-12T18:37:29","slug":"se-publico-el-decreto-que-regula-actividades-culturales-con-control-de-los-municipios","status":"publish","type":"post","link":"https:\/\/www.actualidadadiario.com\/index.php\/2020\/06\/12\/se-publico-el-decreto-que-regula-actividades-culturales-con-control-de-los-municipios\/","title":{"rendered":"Se public\u00f3 el decreto que regula actividades culturales con control de los municipios"},"content":{"rendered":"<p style=\"text-align: center;\"><em><strong>A trav\u00e9s del decreto 832\/20, se autoriz\u00f3 la realizaci\u00f3n de actividades culturales al aire libre con capacidad limitada, talleres, ensayos, museos y bibliotecas bajo estrictos protocolos de salud. Los municipios habilitar\u00e1n seg\u00fan la circunstancia sanitaria<\/strong><\/em><\/p>\n<p>&nbsp;<\/p>\n<p>Con el objetivo primordial de seguir garantizando acceso a la cultura como derecho fundamental, su desarrollo y la posibilidad de que muchos trabajadores de las artes retomen sus tareas, el Gobierno de Entre R\u00edos autoriz\u00f3 por decreto una serie de actividades y apertura de espacios en todo el territorio provincial. Con ciertas condiciones y protocolos aprobados por el COES, se permiten las Actividades culturales al aire libre con capacidad limitada; apertura de estudios de grabaci\u00f3n y salas de ensayos musicales; actividades formativas y talleres art\u00edsticos; ensayos de las artes esc\u00e9nicas; apertura de bibliotecas, museos, archivos y galer\u00edas de exposici\u00f3n\/venta de arte.<\/p>\n<p>Un punto muy importante en esta decisi\u00f3n gubernamental es que las autoridades locales entrerrianas evaluar\u00e1n la habilitaci\u00f3n de acuerdo a su situaci\u00f3n epidemiol\u00f3gica.<\/p>\n<p>En todos los casos se insta a verificar que las personas encuadradas como de riesgo para el COVID-19 no participen de las actividades de esta apertura. Es decir no participar\u00e1n mayores de 60 a\u00f1os, o con problemas de salud mencionados en la Resoluci\u00f3n 2020-207 del Ministerio de Trabajo de la Naci\u00f3n, fundada en el art\u00edculo 1\u00b0 del Decreto N\u00b0 260 de fecha 12 de Marzo de 2020. Esto es considerando que la pandemia contin\u00faa y la mayor\u00eda de la poblaci\u00f3n entrerriana se encuentra ya en fase de distanciamiento social. Este l\u00edmite de acceso resulta en funci\u00f3n de seguir apuntando al cuidado y al respeto de las medidas que cooperen a la sanidad general.<\/p>\n<p>La autorizaci\u00f3n provincial y los protocolos particulares que fueron evaluados por los integrantes del COES del Ministerio de Salud de Entre R\u00edos, tienen validez e incluyen la actividad en los espacios p\u00fablicos, privados e independientes de la provincia. Cada una de las actividades se abren con la aprobaci\u00f3n de un protocolo de Actuaci\u00f3n para la Prevenci\u00f3n y Control del COVID-19, que fue elaborado por la Secretar\u00eda de Cultura de la provincia con los aportes de distintos colectivos culturales. Entre otras medidas, se desprende la de extremar las reglas de higiene del personal y de los espacios, comunicar bien los cuidados, el uso de tapabocas, no compartir el mate, respeto de las distancias entre asistentes y no mantener contacto f\u00edsico.<\/p>\n<p>Se invita a la comunidad, a las y los trabajadores de la cultura a descargar y leer atentamente todas las recomendaciones de cada Protocolo por rubro correspondiente, disponible en https:\/\/drive.google.com\/drive\/folders\/1K09Gf3zLUH7bqBbeKLTtZSEUI4AHx52T<\/p>\n<p>Tambi\u00e9n se habilit\u00f3 un correo electr\u00f3nico para las consultas; protocolosculturales@gmail.com<\/p>\n<p>A su vez Secretar\u00eda de Cultura sigue trabajando en relaci\u00f3n con el COES en nuevos proyectos de protocolos que incluyen eventos o acciones tales como las ferias de artesan\u00edas, de libros y de dise\u00f1o, los rodajes para el sector audiovisual, la actividad de la Orquesta Sinf\u00f3nica provincial y espect\u00e1culos en vivo, entre otros quehaceres del universo creativo y art\u00edstico, para alcanzar prontamente el encuentro con el p\u00fablicos y el pleno disfrute.<\/p>\n<p>&nbsp;<\/p>\n<p><strong>Sobre las actividades ya autorizadas:<\/strong><\/p>\n<p><strong>Actividades culturales al aire libre con capacidad limitada<\/strong><\/p>\n<p>Para espect\u00e1culos y actividades culturales de cualquier disciplina art\u00edstica con acceso de p\u00fablico limitado, que garantice la distancia interpersonal, que sucedan al aire libre y con un plan de cuidado para los trabajadores y el p\u00fablico. Deben estar previamente avaladas por la autoridad jurisdiccional y el COES local. Se incluye la actividad de artistas callejeros que intervienen en la v\u00eda p\u00fablica.<\/p>\n<p>&nbsp;<\/p>\n<p><strong>Actividades en estudios de grabaci\u00f3n y salas de ensayos musicales<\/strong><\/p>\n<p>Comprende ensayos, grabaci\u00f3n, edici\u00f3n, preproducci\u00f3n, producci\u00f3n, posproducci\u00f3n, mantenimiento, reuniones y desarrollo de proyectos. La cantidad de participantes en estos casos tiene un m\u00e1ximo 10 personas. Al mismo tiempo se deber\u00e1 verificar que el personal encuadrado como de riesgo para el COVID &#8211; 19 no participe.<\/p>\n<p>&nbsp;<\/p>\n<p><strong>Actividades formativas, talleres art\u00edsticos y ensayos de artes esc\u00e9nicas<\/strong><\/p>\n<p>Se trata del grupo que comprende a talleres, seminarios, clases presenciales de: artes pl\u00e1sticas, artes visuales, letras, teatro, t\u00edteres, circo, murga, narraci\u00f3n oral, danzas, artesan\u00edas, manualidades, artes audiovisuales. A su vez, se incluye en esta categor\u00eda a ensayos de elencos y\/o grupos de artes esc\u00e9nicas (teatro, t\u00edteres, circo, murga, narraci\u00f3n oral, danzas). En ning\u00fan caso se podr\u00e1n realizar con m\u00e1s de 10 personas, y siempre garantizando la distancia interpersonal, sin contacto f\u00edsico. Las clases o ensayos no deber\u00e1n durar m\u00e1s de 60 minutos.<\/p>\n<p>&nbsp;<\/p>\n<p><strong>Actividades en museos, archivos y galer\u00edas de exposici\u00f3n\/venta de artes<\/strong><\/p>\n<p>En este segmento est\u00e1n comprendidos los museos, cualquiera sea su tipolog\u00eda, las exposiciones de arte tanto p\u00fablicas como las que se llevan a cabo en galer\u00edas privadas y los archivos provinciales o municipales. Se deber\u00e1 implementar un protocolo de ingreso con sistema de turnos, medir la permanencia y tiempo de consulta de documentos, con la consigna de limitar la cantidad de personas a 10 (diez), siempre respetando el distanciamiento (2.25 m2 por persona).<\/p>\n<p>&nbsp;<\/p>\n<p><strong>Apertura de bibliotecas<\/strong><\/p>\n<p>Las bibliotecas del territorio provincial tambi\u00e9n volver\u00e1n a su actividad. Est\u00e1n incluidas las instituciones con diversas funciones: culturales, sociales y educativas permitiendo el libre y voluntario acceso a la lectura, la investigaci\u00f3n y el estudio. El protocolo aprobado detalla el procedimiento de apertura y contempla las \u00e1reas de atenci\u00f3n a los usuarios, pr\u00e9stamo de libros e informaci\u00f3n; de documentaci\u00f3n y dep\u00f3sito y las salas de estudio\/lectura.<\/p>\n<p>&nbsp;<\/p>\n<p>Para descargar los Protocolos de actuaci\u00f3n para la Prevenci\u00f3n y Control del COVID-19 por actividad cultural ingresar a: https:\/\/drive.google.com\/drive\/folders\/1K09Gf3zLUH7bqBbeKLTtZSEUI4AHx52T<\/p>\n","protected":false},"excerpt":{"rendered":"<p>A trav\u00e9s del decreto 832\/20, se autoriz\u00f3 la realizaci\u00f3n de actividades culturales al aire libre con capacidad limitada, talleres, ensayos, museos y bibliotecas bajo estrictos protocolos de salud. Los municipios habilitar\u00e1n seg\u00fan la circunstancia sanitaria &nbsp; Con el objetivo primordial de seguir garantizando acceso a la cultura como derecho fundamental, su desarrollo y la posibilidad de que muchos trabajadores de las artes retomen sus tareas, el Gobierno de Entre R\u00edos autoriz\u00f3 por decreto una serie de actividades y apertura de espacios en todo el territorio provincial. Con ciertas condiciones y&#8230;<\/p>\n","protected":false},"author":3,"featured_media":62781,"comment_status":"closed","ping_status":"closed","sticky":false,"template":"","format":"standard","meta":[],"categories":[9],"tags":[],"_links":{"self":[{"href":"https:\/\/www.actualidadadiario.com\/index.php\/wp-json\/wp\/v2\/posts\/62877"}],"collection":[{"href":"https:\/\/www.actualidadadiario.com\/index.php\/wp-json\/wp\/v2\/posts"}],"about":[{"href":"https:\/\/www.actualidadadiario.com\/index.php\/wp-json\/wp\/v2\/types\/post"}],"author":[{"embeddable":true,"href":"https:\/\/www.actualidadadiario.com\/index.php\/wp-json\/wp\/v2\/users\/3"}],"replies":[{"embeddable":true,"href":"https:\/\/www.actualidadadiario.com\/index.php\/wp-json\/wp\/v2\/comments?post=62877"}],"version-history":[{"count":1,"href":"https:\/\/www.actualidadadiario.com\/index.php\/wp-json\/wp\/v2\/posts\/62877\/revisions"}],"predecessor-version":[{"id":62878,"href":"https:\/\/www.actualidadadiario.com\/index.php\/wp-json\/wp\/v2\/posts\/62877\/revisions\/62878"}],"wp:featuredmedia":[{"embeddable":true,"href":"https:\/\/www.actualidadadiario.com\/index.php\/wp-json\/wp\/v2\/media\/62781"}],"wp:attachment":[{"href":"https:\/\/www.actualidadadiario.com\/index.php\/wp-json\/wp\/v2\/media?parent=62877"}],"wp:term":[{"taxonomy":"category","embeddable":true,"href":"https:\/\/www.actualidadadiario.com\/index.php\/wp-json\/wp\/v2\/categories?post=62877"},{"taxonomy":"post_tag","embeddable":true,"href":"https:\/\/www.actualidadadiario.com\/index.php\/wp-json\/wp\/v2\/tags?post=62877"}],"curies":[{"name":"wp","href":"https:\/\/api.w.org\/{rel}","templated":true}]}}