{"id":62874,"date":"2020-06-12T15:36:36","date_gmt":"2020-06-12T18:36:36","guid":{"rendered":"https:\/\/www.actualidadadiario.com\/?p=62874"},"modified":"2020-06-12T15:36:36","modified_gmt":"2020-06-12T18:36:36","slug":"en-10-dias-se-duplicaron-los-casos-de-coronavirus-en-entre-rios","status":"publish","type":"post","link":"https:\/\/www.actualidadadiario.com\/index.php\/2020\/06\/12\/en-10-dias-se-duplicaron-los-casos-de-coronavirus-en-entre-rios\/","title":{"rendered":"En 10 d\u00edas se duplicaron los casos de Coronavirus en Entre R\u00edos"},"content":{"rendered":"<p style=\"text-align: center;\"><em><strong>El 31 de mayo en la provincia hab\u00eda 31 casos positivos de Coronavirus. La cifra trep\u00f3 a m\u00e1s del doble en apenas 10 d\u00edas: ayer se anunci\u00f3 que ya son 63 los infectados. La tasa de duplicaci\u00f3n es una de las variables que observa el gobierno para decidir en qu\u00e9 zonas se flexibiliza y en cu\u00e1les se endurece la cuarentena<\/strong><\/em><\/p>\n<p>&nbsp;<\/p>\n<p>El primer caso de Coronavirus en la provincia se registr\u00f3 el 17 de marzo: se trataba de un ciudadano con residencia en el exterior que hab\u00eda visitado a su familia en la ciudad de Paran\u00e1.<\/p>\n<p>Entre ese d\u00eda y el 31 de mayo se registraron en la provincia 31 casos, pero en apenas 10 d\u00edas esa cifra se duplic\u00f3: entre el \u00faltimo d\u00eda del mes pasado y este mi\u00e9rcoles 10 de junio la cifra de infectados ascendi\u00f3 a 63, por lo que se increment\u00f3 notablemente la velocidad de contagios.<\/p>\n<p>&nbsp;<\/p>\n<p>La tasa de duplicaci\u00f3n es una de las variables que observa el gobierno para decidir en qu\u00e9 zonas se flexibiliza y en cu\u00e1les se endurece la cuarentena.<\/p>\n","protected":false},"excerpt":{"rendered":"<p>El 31 de mayo en la provincia hab\u00eda 31 casos positivos de Coronavirus. La cifra trep\u00f3 a m\u00e1s del doble en apenas 10 d\u00edas: ayer se anunci\u00f3 que ya son 63 los infectados. La tasa de duplicaci\u00f3n es una de las variables que observa el gobierno para decidir en qu\u00e9 zonas se flexibiliza y en cu\u00e1les se endurece la cuarentena &nbsp; El primer caso de Coronavirus en la provincia se registr\u00f3 el 17 de marzo: se trataba de un ciudadano con residencia en el exterior que hab\u00eda visitado a su&#8230;<\/p>\n","protected":false},"author":3,"featured_media":62875,"comment_status":"closed","ping_status":"closed","sticky":false,"template":"","format":"standard","meta":[],"categories":[9],"tags":[],"_links":{"self":[{"href":"https:\/\/www.actualidadadiario.com\/index.php\/wp-json\/wp\/v2\/posts\/62874"}],"collection":[{"href":"https:\/\/www.actualidadadiario.com\/index.php\/wp-json\/wp\/v2\/posts"}],"about":[{"href":"https:\/\/www.actualidadadiario.com\/index.php\/wp-json\/wp\/v2\/types\/post"}],"author":[{"embeddable":true,"href":"https:\/\/www.actualidadadiario.com\/index.php\/wp-json\/wp\/v2\/users\/3"}],"replies":[{"embeddable":true,"href":"https:\/\/www.actualidadadiario.com\/index.php\/wp-json\/wp\/v2\/comments?post=62874"}],"version-history":[{"count":1,"href":"https:\/\/www.actualidadadiario.com\/index.php\/wp-json\/wp\/v2\/posts\/62874\/revisions"}],"predecessor-version":[{"id":62876,"href":"https:\/\/www.actualidadadiario.com\/index.php\/wp-json\/wp\/v2\/posts\/62874\/revisions\/62876"}],"wp:featuredmedia":[{"embeddable":true,"href":"https:\/\/www.actualidadadiario.com\/index.php\/wp-json\/wp\/v2\/media\/62875"}],"wp:attachment":[{"href":"https:\/\/www.actualidadadiario.com\/index.php\/wp-json\/wp\/v2\/media?parent=62874"}],"wp:term":[{"taxonomy":"category","embeddable":true,"href":"https:\/\/www.actualidadadiario.com\/index.php\/wp-json\/wp\/v2\/categories?post=62874"},{"taxonomy":"post_tag","embeddable":true,"href":"https:\/\/www.actualidadadiario.com\/index.php\/wp-json\/wp\/v2\/tags?post=62874"}],"curies":[{"name":"wp","href":"https:\/\/api.w.org\/{rel}","templated":true}]}}