{"id":62860,"date":"2020-06-11T12:49:08","date_gmt":"2020-06-11T15:49:08","guid":{"rendered":"https:\/\/www.actualidadadiario.com\/?p=62860"},"modified":"2020-06-11T12:49:08","modified_gmt":"2020-06-11T15:49:08","slug":"bolivia-el-congreso-aprobo-la-ley-para-celebrar-las-elecciones-el-6-de-septiembre","status":"publish","type":"post","link":"https:\/\/www.actualidadadiario.com\/index.php\/2020\/06\/11\/bolivia-el-congreso-aprobo-la-ley-para-celebrar-las-elecciones-el-6-de-septiembre\/","title":{"rendered":"Bolivia: el Congreso aprob\u00f3 la ley para celebrar las elecciones el 6 de septiembre"},"content":{"rendered":"<p style=\"text-align: center;\"><em><strong>El Proyecto de Ley 691, fruto de un acuerdo entre los partidos pol\u00edticos representados en el arco parlamentario, fue aprobado el martes en sendas sesiones celebradas en la C\u00e1mara de Diputados y en el Senado<\/strong><\/em><\/p>\n<p>&nbsp;<\/p>\n<p>&nbsp;<\/p>\n<p>La Asamblea de Bolivia aprob\u00f3 la ley para realizar el 6 de septiembre las elecciones generales, previstas en principio para el 3 de mayo y aplazadas por la pandemia de coronavirus, norma que el gobierno de la presidenta Jeanine \u00c1\u00f1ez se comprometi\u00f3 a promulgar.<\/p>\n<p>&#8220;La presidenta promulgar\u00e1 esa ley por respeto a las instituciones de la democracia, es decir, la promulgara porque la Asamblea y el Tribunal Electoral as\u00ed lo solicitan&#8221;, anunci\u00f3 el ministro de la Presidencia, Yerko N\u00fa\u00f1ez, citado por la agencia de noticias EFE.<\/p>\n<p>El proyecto de ley 691, fruto de un acuerdo entre los partidos pol\u00edticos representados en el arco parlamentario, fue aprobado el martes en sendas sesiones celebradas en la C\u00e1mara de Diputados y en el Senado ante la presencia del presidente del Tribunal Supremo Electoral (TSE), Salvador Romero.<\/p>\n<p>Resta ahora, la promulgaci\u00f3n por parte del gobierno de la ley que establece que &#8220;el Tribunal Supremo Electoral fijar\u00e1 mediante resoluci\u00f3n expresa la nueva fecha para la jornada de votaci\u00f3n (&#8230;) a realizarse en un plazo m\u00e1ximo de 127 d\u00edas computables a partir del 3 de mayo, vale decir hasta el domingo 6 de septiembre de 2020&#8221;.<\/p>\n<p>No obstante, la norma se\u00f1ala que la nueva fecha debe ajustarse a los criterios t\u00e9cnicos especificados por el TSE y a los criterios cient\u00edficos provenientes de organismos especializados de salud, &#8220;que guiar\u00e1n las medidas que se adopten para garantizar que los derechos pol\u00edticos sean ejercidos en las mejores condiciones&#8221; en el contexto de la Covid-19, inform\u00f3 la agencia de noticias Europa Press.<\/p>\n<p>En este sentido, el presidente del TSE se mostr\u00f3 &#8220;convencido&#8221; de que &#8220;los derechos pol\u00edticos, indispensables para el r\u00e9gimen democr\u00e1tico&#8221;, y el derecho a la salud, &#8220;son compatibles, no antag\u00f3nicos&#8221;, seg\u00fan informa la prensa boliviana.<\/p>\n<p>De esa manera, el TSE remitir\u00e1 esta semana al Ministerio de Econom\u00eda y Finanzas P\u00fablicas el monto que se requerir\u00e1 para la organizaci\u00f3n de los comicios que, anticiparon, necesitar\u00e1 un &#8220;presupuesto adicional&#8221; para llevar adelante la cita electoral en medio de la pandemia, debido a las medidas de seguridad que se asumir\u00e1n antes y durante la votaci\u00f3n para evitar posibles contagios.<\/p>\n<p>&#8220;Se va a requerir un presupuesto adicional para llevar adelante el proceso. Esto va a ser comunicado, informado y solicitado al Ministerio de Econom\u00eda en el transcurso de la semana&#8221;, se\u00f1al\u00f3 ayer Romero.<\/p>\n<p>En enero, la autoridad electoral hab\u00eda informado de que iba a solicitar 201 millones de bolivianos (m\u00e1s de 25 millones de euros) para llevar adelante los comicios, un 18 por ciento menos que el proceso encarado en 2019.<\/p>\n<p>Los comicios apuntan a normalizar la crisis pol\u00edtica en Bolivia iniciada con el desplazamiento del poder de Evo Morales, tras supuestas irregularidades en las elecciones presidenciales del pasado 20 de octubre.<\/p>\n<p>M\u00e1s de 30 personas murieron durante enfrentamientos entre sus simpatizantes y detractores y con las fuerzas de seguridad, que ocurrieron tras la salida de Morales que actualmente est\u00e1 refugiado en Argentina.<\/p>\n<p>Seg\u00fan las encuestas de intenci\u00f3n de voto que se realizaron antes de que surgiera la crisis sanitaria, el candidato del MAS de Morales, el ex ministro de Econom\u00eda, Luis Arce, part\u00eda con una amplia ventaja sobre el resto de competidores, incluida la actual mandataria, Jeanine \u00c1\u00f1ez.<\/p>\n<p>En Bolivia, hasta ahora, se han confirmado casi 14.000 casos de coronavirus, mientras que los muertos a causa de la pandemia rozan los 500.<\/p>\n","protected":false},"excerpt":{"rendered":"<p>El Proyecto de Ley 691, fruto de un acuerdo entre los partidos pol\u00edticos representados en el arco parlamentario, fue aprobado el martes en sendas sesiones celebradas en la C\u00e1mara de Diputados y en el Senado &nbsp; &nbsp; La Asamblea de Bolivia aprob\u00f3 la ley para realizar el 6 de septiembre las elecciones generales, previstas en principio para el 3 de mayo y aplazadas por la pandemia de coronavirus, norma que el gobierno de la presidenta Jeanine \u00c1\u00f1ez se comprometi\u00f3 a promulgar. &#8220;La presidenta promulgar\u00e1 esa ley por respeto a las&#8230;<\/p>\n","protected":false},"author":3,"featured_media":62861,"comment_status":"closed","ping_status":"closed","sticky":false,"template":"","format":"standard","meta":[],"categories":[4],"tags":[],"_links":{"self":[{"href":"https:\/\/www.actualidadadiario.com\/index.php\/wp-json\/wp\/v2\/posts\/62860"}],"collection":[{"href":"https:\/\/www.actualidadadiario.com\/index.php\/wp-json\/wp\/v2\/posts"}],"about":[{"href":"https:\/\/www.actualidadadiario.com\/index.php\/wp-json\/wp\/v2\/types\/post"}],"author":[{"embeddable":true,"href":"https:\/\/www.actualidadadiario.com\/index.php\/wp-json\/wp\/v2\/users\/3"}],"replies":[{"embeddable":true,"href":"https:\/\/www.actualidadadiario.com\/index.php\/wp-json\/wp\/v2\/comments?post=62860"}],"version-history":[{"count":1,"href":"https:\/\/www.actualidadadiario.com\/index.php\/wp-json\/wp\/v2\/posts\/62860\/revisions"}],"predecessor-version":[{"id":62862,"href":"https:\/\/www.actualidadadiario.com\/index.php\/wp-json\/wp\/v2\/posts\/62860\/revisions\/62862"}],"wp:featuredmedia":[{"embeddable":true,"href":"https:\/\/www.actualidadadiario.com\/index.php\/wp-json\/wp\/v2\/media\/62861"}],"wp:attachment":[{"href":"https:\/\/www.actualidadadiario.com\/index.php\/wp-json\/wp\/v2\/media?parent=62860"}],"wp:term":[{"taxonomy":"category","embeddable":true,"href":"https:\/\/www.actualidadadiario.com\/index.php\/wp-json\/wp\/v2\/categories?post=62860"},{"taxonomy":"post_tag","embeddable":true,"href":"https:\/\/www.actualidadadiario.com\/index.php\/wp-json\/wp\/v2\/tags?post=62860"}],"curies":[{"name":"wp","href":"https:\/\/api.w.org\/{rel}","templated":true}]}}