{"id":62854,"date":"2020-06-11T12:47:01","date_gmt":"2020-06-11T15:47:01","guid":{"rendered":"https:\/\/www.actualidadadiario.com\/?p=62854"},"modified":"2020-06-11T12:47:01","modified_gmt":"2020-06-11T15:47:01","slug":"diputados-comienza-a-debatir-un-paquete-de-proyectos-sobre-violencia-de-genero","status":"publish","type":"post","link":"https:\/\/www.actualidadadiario.com\/index.php\/2020\/06\/11\/diputados-comienza-a-debatir-un-paquete-de-proyectos-sobre-violencia-de-genero\/","title":{"rendered":"Diputados comienza a debatir un paquete de proyectos sobre violencia de g\u00e9nero"},"content":{"rendered":"<p style=\"text-align: center;\"><em><strong>El tratamiento de las propuestas para luchar contra los distintos tipos de violencia contra las mujeres se iniciar\u00e1 a las 15 en las comisiones de Legislaci\u00f3n Penal, y de Mujeres y Diversidad<\/strong><\/em><\/p>\n<p>&nbsp;<\/p>\n<p>Un plenario de comisiones de la C\u00e1mara de Diputados abrir\u00e1 hoy el debate de un paquete de proyectos para prevenir la violencia de g\u00e9nero y proteger a sus v\u00edctimas, con una ronda de exposiciones de funcionarias del Poder Judicial y del Poder Ejecutivo, y especialistas en la materia.<\/p>\n<p>El tratamiento de las propuestas para luchar contra los distintos tipos de violencia contra las mujeres se iniciar\u00e1 a las 15 en las comisiones de Legislaci\u00f3n Penal, y de Mujeres y Diversidad, que est\u00e1n presididas por las diputadas del Frente de Todos, Carolina Gaillard (Entre R\u00edos) y M\u00f3nica Macha (Buenos Aires), respectivamente.<\/p>\n<p>El esquema de trabajo consistir\u00e1 primero en tres semanas de audiencias, a trav\u00e9s del sistema de videoconferencia, donde van a exponer funcionarias nacionales y provinciales, representantes del Poder Judicial y de las organizaciones, para luego definir cu\u00e1les ser\u00e1n los proyectos que se impulsar\u00e1n sobre violencia de g\u00e9nero.<\/p>\n<p>En la primera reuni\u00f3n informativa disertar\u00e1n la secretaria de Pol\u00edticas contra la Violencia por razones de G\u00e9nero del Ministerio de las Mujeres, G\u00e9neros y Diversidad de la Naci\u00f3n, Josefina Kelly, y la titular de la Unidad Fiscal Especializada de Violencia contra las Mujeres, (Ufem), Mariela Labozetta, adem\u00e1s de la abogada Ileana Arduino, del Instituto de Estudios Comparados en Ciencias Penales y Sociales.<\/p>\n<p>En las reuniones que se celebraran el jueves 18, 25 y 2 de julio est\u00e1 previsto que concurran a exponer la coordinadora en la Oficina de Violencia de G\u00e9nero del Poder Judicial de Santa Cruz, Sabrina Granero, la secretaria de la Mujer, G\u00e9neros y Diversidad de la provincia de Entre R\u00edos, Mariana Broggi; la ministra de las Mujeres, Pol\u00edticas de G\u00e9nero de la provincia de Buenos Aires, Estela D\u00edaz; la titular de la comisi\u00f3n de Tem\u00e1ticas de G\u00e9nero del ministerio de Defensa, Raquel Asensio; la investigadora del Conicet Marisa Herrera, y la abogada feminista Luciana S\u00e1nchez.<\/p>\n<p>Tambi\u00e9n lo har\u00e1n la investigadora, asesora presidencial y referente feminista Dora Barrancos, la subdirectora de Derechos Humanos de la Suprema Corte de Justicia de Mendoza, Eleonora Lahm, y la defensora general de la provincia de Chaco, Alicia Alcal\u00e1,<\/p>\n<p>En la \u00faltima jornada, cerrar\u00e1 este ciclo de audiencias la ministra de las Mujeres, G\u00e9neros y Diversidad, Elizabeth G\u00f3mez Alcorta.<\/p>\n","protected":false},"excerpt":{"rendered":"<p>El tratamiento de las propuestas para luchar contra los distintos tipos de violencia contra las mujeres se iniciar\u00e1 a las 15 en las comisiones de Legislaci\u00f3n Penal, y de Mujeres y Diversidad &nbsp; Un plenario de comisiones de la C\u00e1mara de Diputados abrir\u00e1 hoy el debate de un paquete de proyectos para prevenir la violencia de g\u00e9nero y proteger a sus v\u00edctimas, con una ronda de exposiciones de funcionarias del Poder Judicial y del Poder Ejecutivo, y especialistas en la materia. El tratamiento de las propuestas para luchar contra los&#8230;<\/p>\n","protected":false},"author":3,"featured_media":62855,"comment_status":"closed","ping_status":"closed","sticky":false,"template":"","format":"standard","meta":[],"categories":[18],"tags":[],"_links":{"self":[{"href":"https:\/\/www.actualidadadiario.com\/index.php\/wp-json\/wp\/v2\/posts\/62854"}],"collection":[{"href":"https:\/\/www.actualidadadiario.com\/index.php\/wp-json\/wp\/v2\/posts"}],"about":[{"href":"https:\/\/www.actualidadadiario.com\/index.php\/wp-json\/wp\/v2\/types\/post"}],"author":[{"embeddable":true,"href":"https:\/\/www.actualidadadiario.com\/index.php\/wp-json\/wp\/v2\/users\/3"}],"replies":[{"embeddable":true,"href":"https:\/\/www.actualidadadiario.com\/index.php\/wp-json\/wp\/v2\/comments?post=62854"}],"version-history":[{"count":1,"href":"https:\/\/www.actualidadadiario.com\/index.php\/wp-json\/wp\/v2\/posts\/62854\/revisions"}],"predecessor-version":[{"id":62856,"href":"https:\/\/www.actualidadadiario.com\/index.php\/wp-json\/wp\/v2\/posts\/62854\/revisions\/62856"}],"wp:featuredmedia":[{"embeddable":true,"href":"https:\/\/www.actualidadadiario.com\/index.php\/wp-json\/wp\/v2\/media\/62855"}],"wp:attachment":[{"href":"https:\/\/www.actualidadadiario.com\/index.php\/wp-json\/wp\/v2\/media?parent=62854"}],"wp:term":[{"taxonomy":"category","embeddable":true,"href":"https:\/\/www.actualidadadiario.com\/index.php\/wp-json\/wp\/v2\/categories?post=62854"},{"taxonomy":"post_tag","embeddable":true,"href":"https:\/\/www.actualidadadiario.com\/index.php\/wp-json\/wp\/v2\/tags?post=62854"}],"curies":[{"name":"wp","href":"https:\/\/api.w.org\/{rel}","templated":true}]}}