{"id":62850,"date":"2020-06-11T12:45:56","date_gmt":"2020-06-11T15:45:56","guid":{"rendered":"https:\/\/www.actualidadadiario.com\/?p=62850"},"modified":"2020-06-11T12:46:13","modified_gmt":"2020-06-11T15:46:13","slug":"en-medio-de-rumores-alberto-se-reune-con-el-ceo-de-vicentin-y-el-gobernador-de-santa-fe","status":"publish","type":"post","link":"https:\/\/www.actualidadadiario.com\/index.php\/2020\/06\/11\/en-medio-de-rumores-alberto-se-reune-con-el-ceo-de-vicentin-y-el-gobernador-de-santa-fe\/","title":{"rendered":"En medio de rumores, Alberto se re\u00fane con el CEO de Vicentin y el gobernador de Santa Fe"},"content":{"rendered":"<p style=\"text-align: center;\"><em><strong>El encuentro se acord\u00f3 para este jueves luego de que la empresa emitiera un comunicado conciliador<\/strong><\/em><\/p>\n<p>&nbsp;<\/p>\n<p>El presidente Alberto Fern\u00e1ndez se re\u00fane este jueves con el CEO de la empresa Vicentin Sergio Nardelli en medio de grandes controversias que se generaron a partir del anuncio del presidente de intervenir la compa\u00f1\u00eda a trav\u00e9s de un DNU y enviar un proyecto de expropiaci\u00f3n al parlamento. El gobernador de Santa Fe Omar Perotti viaja a Buenos Aires para sumarse a la reuni\u00f3n que tendr\u00e1 lugar en Olivos por la tarde noche.<\/p>\n<p>El encuentro fue confirmado por fuentes oficiales. Alberto Fern\u00e1ndez anunci\u00f3 este lunes la decisi\u00f3n del gobierno junto a la senadora Anabel Fern\u00e1ndez Sagasti y el futuro interventor Gabriel Delgado. El d\u00eda del anuncio, los due\u00f1os de la compa\u00f1\u00eda emitieron un comunicado en el que aseguraron que se enteraron de la decisi\u00f3n oficial por los medios de comunicaci\u00f3n. Adem\u00e1s, explicaron que entre las alternativas en an\u00e1lisis siempre estuvieron la venta de activos y la posibilidad de asociaci\u00f3n con compa\u00f1\u00edas nacionales. \u201cDentro de esas opciones estuvo siempre contemplada YPF Agro\u201d, destacaron.<\/p>\n<p>Este mi\u00e9rcoles por la tarde, la empresa emiti\u00f3 un breve comunicado: \u201cLa compa\u00f1\u00eda hace saber que, con la finalidad de preservar la paz social, evitar perjuicios para el patrimonio de la compa\u00f1\u00eda y preservar los derechos de los acreedores, ha tomado contacto con los representantes de la intervenci\u00f3n dispuesta por el Decreto 522\/2020 a fin de que con la insoslayable participaci\u00f3n del Juez a cargo del concurso preventivo de VICENTIN S.A.I.C., se defina y determine el alcance de la intervenci\u00f3n dispuesta\u201d, dice el breve texto firmado por el directorio de la empresa.<\/p>\n","protected":false},"excerpt":{"rendered":"<p>El encuentro se acord\u00f3 para este jueves luego de que la empresa emitiera un comunicado conciliador &nbsp; El presidente Alberto Fern\u00e1ndez se re\u00fane este jueves con el CEO de la empresa Vicentin Sergio Nardelli en medio de grandes controversias que se generaron a partir del anuncio del presidente de intervenir la compa\u00f1\u00eda a trav\u00e9s de un DNU y enviar un proyecto de expropiaci\u00f3n al parlamento. El gobernador de Santa Fe Omar Perotti viaja a Buenos Aires para sumarse a la reuni\u00f3n que tendr\u00e1 lugar en Olivos por la tarde noche&#8230;.<\/p>\n","protected":false},"author":3,"featured_media":62851,"comment_status":"closed","ping_status":"closed","sticky":false,"template":"","format":"standard","meta":[],"categories":[18],"tags":[],"_links":{"self":[{"href":"https:\/\/www.actualidadadiario.com\/index.php\/wp-json\/wp\/v2\/posts\/62850"}],"collection":[{"href":"https:\/\/www.actualidadadiario.com\/index.php\/wp-json\/wp\/v2\/posts"}],"about":[{"href":"https:\/\/www.actualidadadiario.com\/index.php\/wp-json\/wp\/v2\/types\/post"}],"author":[{"embeddable":true,"href":"https:\/\/www.actualidadadiario.com\/index.php\/wp-json\/wp\/v2\/users\/3"}],"replies":[{"embeddable":true,"href":"https:\/\/www.actualidadadiario.com\/index.php\/wp-json\/wp\/v2\/comments?post=62850"}],"version-history":[{"count":2,"href":"https:\/\/www.actualidadadiario.com\/index.php\/wp-json\/wp\/v2\/posts\/62850\/revisions"}],"predecessor-version":[{"id":62853,"href":"https:\/\/www.actualidadadiario.com\/index.php\/wp-json\/wp\/v2\/posts\/62850\/revisions\/62853"}],"wp:featuredmedia":[{"embeddable":true,"href":"https:\/\/www.actualidadadiario.com\/index.php\/wp-json\/wp\/v2\/media\/62851"}],"wp:attachment":[{"href":"https:\/\/www.actualidadadiario.com\/index.php\/wp-json\/wp\/v2\/media?parent=62850"}],"wp:term":[{"taxonomy":"category","embeddable":true,"href":"https:\/\/www.actualidadadiario.com\/index.php\/wp-json\/wp\/v2\/categories?post=62850"},{"taxonomy":"post_tag","embeddable":true,"href":"https:\/\/www.actualidadadiario.com\/index.php\/wp-json\/wp\/v2\/tags?post=62850"}],"curies":[{"name":"wp","href":"https:\/\/api.w.org\/{rel}","templated":true}]}}