{"id":62844,"date":"2020-06-11T12:44:18","date_gmt":"2020-06-11T15:44:18","guid":{"rendered":"https:\/\/www.actualidadadiario.com\/?p=62844"},"modified":"2020-06-11T12:44:18","modified_gmt":"2020-06-11T15:44:18","slug":"juntos-por-el-cambio-propuso-a-pichetto-para-la-agn","status":"publish","type":"post","link":"https:\/\/www.actualidadadiario.com\/index.php\/2020\/06\/11\/juntos-por-el-cambio-propuso-a-pichetto-para-la-agn\/","title":{"rendered":"Juntos por el Cambio propuso a Pichetto para la AGN"},"content":{"rendered":"<p style=\"text-align: center;\"><em><strong>El bloque de diputados de Juntos por el Cambio formaliz\u00f3 ante el presidente de la C\u00e1mara de Diputados, Sergio Massa, su propuesta para designar al ex senador Miguel \u00c1ngel Pichetto como nuevo auditor, para que cumpla el mandato de Jes\u00fas Rodr\u00edguez, que pas\u00f3 a desempe\u00f1arse como presidente de la Auditor\u00eda General de la Naci\u00f3n<\/strong><\/em><\/p>\n<p>&nbsp;<\/p>\n<p>&nbsp;<\/p>\n<p>Los jefes de bloques de la bancada opositora Mario Negri (UCR), Cristian Ritondo (Pro) y Maximiliano Ferraro (CC-ARI), junto al vicepresidente primero del cuerpo, \u00c1lvaro Gonz\u00e1lez (Pro), se reunieron en el Sal\u00f3n de Honor junto al exsenador y el titular de la C\u00e1mara baja, Sergio Massa.<\/p>\n<p>El pedido de designaci\u00f3n de Pichetto, firmado por el interbloque JxC, es para ocupar por cuatro a\u00f1os el cargo que dej\u00f3 vacante el radical Jes\u00fas Rodr\u00edguez, quien en marzo pasado asumi\u00f3 la presidencia del organismo de control luego del triunfo de la UCR sobre el Pro en aquella puja interna de la coalici\u00f3n.<\/p>\n","protected":false},"excerpt":{"rendered":"<p>El bloque de diputados de Juntos por el Cambio formaliz\u00f3 ante el presidente de la C\u00e1mara de Diputados, Sergio Massa, su propuesta para designar al ex senador Miguel \u00c1ngel Pichetto como nuevo auditor, para que cumpla el mandato de Jes\u00fas Rodr\u00edguez, que pas\u00f3 a desempe\u00f1arse como presidente de la Auditor\u00eda General de la Naci\u00f3n &nbsp; &nbsp; Los jefes de bloques de la bancada opositora Mario Negri (UCR), Cristian Ritondo (Pro) y Maximiliano Ferraro (CC-ARI), junto al vicepresidente primero del cuerpo, \u00c1lvaro Gonz\u00e1lez (Pro), se reunieron en el Sal\u00f3n de Honor&#8230;<\/p>\n","protected":false},"author":3,"featured_media":62845,"comment_status":"closed","ping_status":"closed","sticky":false,"template":"","format":"standard","meta":[],"categories":[18],"tags":[],"_links":{"self":[{"href":"https:\/\/www.actualidadadiario.com\/index.php\/wp-json\/wp\/v2\/posts\/62844"}],"collection":[{"href":"https:\/\/www.actualidadadiario.com\/index.php\/wp-json\/wp\/v2\/posts"}],"about":[{"href":"https:\/\/www.actualidadadiario.com\/index.php\/wp-json\/wp\/v2\/types\/post"}],"author":[{"embeddable":true,"href":"https:\/\/www.actualidadadiario.com\/index.php\/wp-json\/wp\/v2\/users\/3"}],"replies":[{"embeddable":true,"href":"https:\/\/www.actualidadadiario.com\/index.php\/wp-json\/wp\/v2\/comments?post=62844"}],"version-history":[{"count":1,"href":"https:\/\/www.actualidadadiario.com\/index.php\/wp-json\/wp\/v2\/posts\/62844\/revisions"}],"predecessor-version":[{"id":62846,"href":"https:\/\/www.actualidadadiario.com\/index.php\/wp-json\/wp\/v2\/posts\/62844\/revisions\/62846"}],"wp:featuredmedia":[{"embeddable":true,"href":"https:\/\/www.actualidadadiario.com\/index.php\/wp-json\/wp\/v2\/media\/62845"}],"wp:attachment":[{"href":"https:\/\/www.actualidadadiario.com\/index.php\/wp-json\/wp\/v2\/media?parent=62844"}],"wp:term":[{"taxonomy":"category","embeddable":true,"href":"https:\/\/www.actualidadadiario.com\/index.php\/wp-json\/wp\/v2\/categories?post=62844"},{"taxonomy":"post_tag","embeddable":true,"href":"https:\/\/www.actualidadadiario.com\/index.php\/wp-json\/wp\/v2\/tags?post=62844"}],"curies":[{"name":"wp","href":"https:\/\/api.w.org\/{rel}","templated":true}]}}