{"id":62841,"date":"2020-06-11T12:43:32","date_gmt":"2020-06-11T15:43:32","guid":{"rendered":"https:\/\/www.actualidadadiario.com\/?p=62841"},"modified":"2020-06-11T12:43:32","modified_gmt":"2020-06-11T15:43:32","slug":"la-exjueza-maria-laura-garrigos-sera-la-interventora-del-servicio-penitenciario-federal","status":"publish","type":"post","link":"https:\/\/www.actualidadadiario.com\/index.php\/2020\/06\/11\/la-exjueza-maria-laura-garrigos-sera-la-interventora-del-servicio-penitenciario-federal\/","title":{"rendered":"La exjueza Mar\u00eda Laura Garrig\u00f3s ser\u00e1 la interventora del Servicio Penitenciario Federal"},"content":{"rendered":"<p style=\"text-align: center;\"><em><strong>La titular de Justicia leg\u00edtima se reuni\u00f3 ayer con el presidente Alberto Fern\u00e1ndez en Olivos, donde acept\u00f3 el cargo. El mandatario hab\u00eda advertido que nombrar\u00eda a &#8220;una persona impoluta en la justicia&#8221;<\/strong><\/em><\/p>\n<p>&nbsp;<\/p>\n<p>&nbsp;<\/p>\n<p>La ex jueza y camarista Mar\u00eda Laura Garrig\u00f3s ser\u00e1 designada subsecretaria de Asuntos Penitenciarios e interventora del Servicio Penitenciario Federal, tras una reuni\u00f3n que mantuvo ayer en Olivos con Alberto Fern\u00e1ndez.<\/p>\n<p>&#8220;Vamos a ocuparnos de intervenirlo y de que estas cosas nunca m\u00e1s ocurran&#8221;, sostuvo esta ma\u00f1ana el mandatario en declaraciones a Radio 10 sobre la denuncia de espionaje ilegal a presos realizada por la titular de la AFI, Cristina Caama\u00f1o.<\/p>\n<p>El mandatario cont\u00f3 adem\u00e1s que ayer estuvo reunido con la persona elegida para ese cargo, aunque no revel\u00f3 su nombre. &#8220;Es alguien que conozco desde mis 20 a\u00f1os; una persona impoluta en la Justicia&#8221;, indic\u00f3 sobre la exmagistrada y titular de la agrupaci\u00f3n Justicia Leg\u00edtima.<\/p>\n<p>Fern\u00e1ndez reiter\u00f3 su &#8220;enorme preocupaci\u00f3n&#8221; por las presuntas actividades de espionaje ilegal desplegadas durante el gobierno de Mauricio Macri, de acuerdo con la denuncia formulada por la actual titular de la AFI, Cristina Caama\u00f1o, a partir de evidencias encontradas en el organismo de inteligencia y presentadas ante la Justicia.<\/p>\n<p>En este sentido, Alberto Fern\u00e1ndez sostuvo: &#8220;Espero que la Justicia haga lo que tenga que hacer&#8221;. &#8220;Nosotros nos pasamos hablando de lo que presum\u00edamos que ocurr\u00eda en los medios, y nadie se ocup\u00f3 de levantar esas palabras nuestras para investigar; ahora resulta que apareci\u00f3 una investigaci\u00f3n&#8221;, remarc\u00f3 el Presidente.<\/p>\n<p>&#8220;Como yo siempre digo, eso es un tema de la Justicia, y espero que la Justicia actu\u00e9 como debe actuar&#8221;, dijo y a\u00f1adi\u00f3: &#8220;Lo que s\u00ed debo garantizar yo como Presidente es que eso nunca m\u00e1s vuelva a ocurrir&#8221;.<\/p>\n<p>En este marco de la causa que lleva adelante el juez federal de Lomas de Zamora, Federico Villena, este mi\u00e9rcoles efectivos de la Polic\u00eda de Seguridad Aeroportuaria (PSA) allanaban distintos espacios del penal de Ezeiza, en la provincia de Buenos Aires.<\/p>\n<p>D\u00edas atr\u00e1s, el magistrado hab\u00eda allanado las oficinas de la Direcci\u00f3n de An\u00e1lisis de Informaci\u00f3n del SPF, el sector de inteligencia conocido por el nombre de &#8220;\u00c1rea 50&#8221;; tambi\u00e9n en b\u00fasqueda de elementos que permitiera determinar si se realizaron maniobras de espionaje ilegal en las c\u00e1rceles federales.<\/p>\n<p>Del allanamiento realizado en el &#8220;\u00c1rea 50&#8221; habr\u00edan surgido elementos que precipitaron el nuevo allanamiento; aunque algunos datos surgieron tambi\u00e9n de audios difundidos por un programa de televisi\u00f3n en los que agentes de inteligencia hablaban de &#8220;alambrar&#8221; la c\u00e1rcel (poner micr\u00f3fonos), que fueron incorporados en estos d\u00edas al expediente.<\/p>\n<p>El lunes, el canal de noticias C5N inform\u00f3 que personal ajeno al servicio penitenciario hab\u00eda ingresado al pabell\u00f3n B del m\u00f3dulo 6 del penal de Ezezia a realizar tareas de &#8220;limpieza&#8221;, lo que fue interpretado en el mundillo judicial como una eventual maniobra para ocultar prueba.<\/p>\n<p>En ese penal estuvieron detenidos, entre otros, el exvicepresidente Amado Boudou; el ex secretario de Legal y T\u00e9cnica de la Presidencia y actual Procurador del Tesoro Carlos Zannini; el dirigente Luis D&#8217;El\u00eda; y el ex funcionario Carlos Kirchner, primo del expresidente.<\/p>\n","protected":false},"excerpt":{"rendered":"<p>La titular de Justicia leg\u00edtima se reuni\u00f3 ayer con el presidente Alberto Fern\u00e1ndez en Olivos, donde acept\u00f3 el cargo. El mandatario hab\u00eda advertido que nombrar\u00eda a &#8220;una persona impoluta en la justicia&#8221; &nbsp; &nbsp; La ex jueza y camarista Mar\u00eda Laura Garrig\u00f3s ser\u00e1 designada subsecretaria de Asuntos Penitenciarios e interventora del Servicio Penitenciario Federal, tras una reuni\u00f3n que mantuvo ayer en Olivos con Alberto Fern\u00e1ndez. &#8220;Vamos a ocuparnos de intervenirlo y de que estas cosas nunca m\u00e1s ocurran&#8221;, sostuvo esta ma\u00f1ana el mandatario en declaraciones a Radio 10 sobre la&#8230;<\/p>\n","protected":false},"author":3,"featured_media":62842,"comment_status":"closed","ping_status":"closed","sticky":false,"template":"","format":"standard","meta":[],"categories":[18],"tags":[],"_links":{"self":[{"href":"https:\/\/www.actualidadadiario.com\/index.php\/wp-json\/wp\/v2\/posts\/62841"}],"collection":[{"href":"https:\/\/www.actualidadadiario.com\/index.php\/wp-json\/wp\/v2\/posts"}],"about":[{"href":"https:\/\/www.actualidadadiario.com\/index.php\/wp-json\/wp\/v2\/types\/post"}],"author":[{"embeddable":true,"href":"https:\/\/www.actualidadadiario.com\/index.php\/wp-json\/wp\/v2\/users\/3"}],"replies":[{"embeddable":true,"href":"https:\/\/www.actualidadadiario.com\/index.php\/wp-json\/wp\/v2\/comments?post=62841"}],"version-history":[{"count":1,"href":"https:\/\/www.actualidadadiario.com\/index.php\/wp-json\/wp\/v2\/posts\/62841\/revisions"}],"predecessor-version":[{"id":62843,"href":"https:\/\/www.actualidadadiario.com\/index.php\/wp-json\/wp\/v2\/posts\/62841\/revisions\/62843"}],"wp:featuredmedia":[{"embeddable":true,"href":"https:\/\/www.actualidadadiario.com\/index.php\/wp-json\/wp\/v2\/media\/62842"}],"wp:attachment":[{"href":"https:\/\/www.actualidadadiario.com\/index.php\/wp-json\/wp\/v2\/media?parent=62841"}],"wp:term":[{"taxonomy":"category","embeddable":true,"href":"https:\/\/www.actualidadadiario.com\/index.php\/wp-json\/wp\/v2\/categories?post=62841"},{"taxonomy":"post_tag","embeddable":true,"href":"https:\/\/www.actualidadadiario.com\/index.php\/wp-json\/wp\/v2\/tags?post=62841"}],"curies":[{"name":"wp","href":"https:\/\/api.w.org\/{rel}","templated":true}]}}