{"id":62839,"date":"2020-06-11T12:42:42","date_gmt":"2020-06-11T15:42:42","guid":{"rendered":"https:\/\/www.actualidadadiario.com\/?p=62839"},"modified":"2020-06-11T12:42:42","modified_gmt":"2020-06-11T15:42:42","slug":"alberto-vuelve-de-gira-al-interior-del-pais-2","status":"publish","type":"post","link":"https:\/\/www.actualidadadiario.com\/index.php\/2020\/06\/11\/alberto-vuelve-de-gira-al-interior-del-pais-2\/","title":{"rendered":"Alberto vuelve de gira al interior del pa\u00eds"},"content":{"rendered":"<p style=\"text-align: center;\"><em><strong>El Presidente visitar\u00e1 La Rioja y Catamarca el viernes. Se suman a un raid de provincias que comenz\u00f3 a recorrer en el marco de una agenda post-cuarentena<\/strong><\/em><\/p>\n<p>&nbsp;<\/p>\n<p>&nbsp;<\/p>\n<p>El 85 por ciento del pa\u00eds est\u00e1 en una fase avanzada respecto de la cuarentena. El Gobierno busca mostrar que ese porcentaje de provincias volvi\u00f3 a cierta normalidad, salvo el AMBA. En tres semanas, el Presidente visit\u00f3 seis provincias y ahora desembarcar\u00e1 en La Rioja y Catamarca.<\/p>\n<p>Alberto Fern\u00e1ndez arribar\u00e1 primero el viernes a tierras riojanas donde ser\u00e1 recibo por el gobernador, Ricardo Quintela, donde lo espera una agenda intensa de actividades en la que se incluir\u00e1 el relanzamiento del programa de desarrollo de parques industriales. Est\u00e1 previsto que aterrice por la ma\u00f1ana en la provincia, almuerce y viaje a Catamarca acompa\u00f1ado por Quintela.<\/p>\n<p>A las actividades se sumar\u00e1n la recorrida por dos plantas textiles, una de ellas que acaba de reabrir luego de la cuarentena. Visitar\u00e1 las f\u00e1bricas de Hilados y de ENOD, esta \u00faltimo hab\u00eda pasado por un proceso de crisis el a\u00f1o pasado y ahora promete la generaci\u00f3n de 200 puestos de trabajos directos.<\/p>\n<p>En Catamarca, la primera vez que visita la provincia como Presidente, ser\u00e1 recibido por el gobernador Ra\u00fal Jalil y luego recorrer\u00e1n el Hospital Monovalente \u201cCarlos Malbr\u00e1n\u201d, un nosocomio inaugurado el mes pasado especialmente construido para la atenci\u00f3n de los enfermos de Covid-19.<\/p>\n<p>A los 80 d\u00edas de la cuarentena, la Casa Rosada comenz\u00f3 a dise\u00f1ar una agenda enfocada en la post-cuarentena. El plan incluye salidas al interior del pa\u00eds. El Presidente estuvo en Misiones, Santiago del Estero, Neuqu\u00e9n, Formosa, Tucum\u00e1n y La Pampa. Suele viajar acompa\u00f1ado de una peque\u00f1a comitiva de ministros, y en alguna ocasi\u00f3n, se sum\u00f3 la primera dama, Fabiola Y\u00e1\u00f1ez.<\/p>\n<p>Los viajes que organiza Presidencia tienen poca cantidad de acompa\u00f1antes para cumplir con los protocolos de distanciamiento social. La semana pasada, el Gobierno tuvo que aclarar en un comunicado que el Presidente respet\u00f3 los protocolos sanitarios en el viaje a Villa La Angostura, con el personal m\u00ednimo.<\/p>\n","protected":false},"excerpt":{"rendered":"<p>El Presidente visitar\u00e1 La Rioja y Catamarca el viernes. Se suman a un raid de provincias que comenz\u00f3 a recorrer en el marco de una agenda post-cuarentena &nbsp; &nbsp; El 85 por ciento del pa\u00eds est\u00e1 en una fase avanzada respecto de la cuarentena. El Gobierno busca mostrar que ese porcentaje de provincias volvi\u00f3 a cierta normalidad, salvo el AMBA. En tres semanas, el Presidente visit\u00f3 seis provincias y ahora desembarcar\u00e1 en La Rioja y Catamarca. Alberto Fern\u00e1ndez arribar\u00e1 primero el viernes a tierras riojanas donde ser\u00e1 recibo por el&#8230;<\/p>\n","protected":false},"author":3,"featured_media":62772,"comment_status":"closed","ping_status":"closed","sticky":false,"template":"","format":"standard","meta":[],"categories":[18],"tags":[],"_links":{"self":[{"href":"https:\/\/www.actualidadadiario.com\/index.php\/wp-json\/wp\/v2\/posts\/62839"}],"collection":[{"href":"https:\/\/www.actualidadadiario.com\/index.php\/wp-json\/wp\/v2\/posts"}],"about":[{"href":"https:\/\/www.actualidadadiario.com\/index.php\/wp-json\/wp\/v2\/types\/post"}],"author":[{"embeddable":true,"href":"https:\/\/www.actualidadadiario.com\/index.php\/wp-json\/wp\/v2\/users\/3"}],"replies":[{"embeddable":true,"href":"https:\/\/www.actualidadadiario.com\/index.php\/wp-json\/wp\/v2\/comments?post=62839"}],"version-history":[{"count":1,"href":"https:\/\/www.actualidadadiario.com\/index.php\/wp-json\/wp\/v2\/posts\/62839\/revisions"}],"predecessor-version":[{"id":62840,"href":"https:\/\/www.actualidadadiario.com\/index.php\/wp-json\/wp\/v2\/posts\/62839\/revisions\/62840"}],"wp:featuredmedia":[{"embeddable":true,"href":"https:\/\/www.actualidadadiario.com\/index.php\/wp-json\/wp\/v2\/media\/62772"}],"wp:attachment":[{"href":"https:\/\/www.actualidadadiario.com\/index.php\/wp-json\/wp\/v2\/media?parent=62839"}],"wp:term":[{"taxonomy":"category","embeddable":true,"href":"https:\/\/www.actualidadadiario.com\/index.php\/wp-json\/wp\/v2\/categories?post=62839"},{"taxonomy":"post_tag","embeddable":true,"href":"https:\/\/www.actualidadadiario.com\/index.php\/wp-json\/wp\/v2\/tags?post=62839"}],"curies":[{"name":"wp","href":"https:\/\/api.w.org\/{rel}","templated":true}]}}