{"id":62837,"date":"2020-06-11T12:40:30","date_gmt":"2020-06-11T15:40:30","guid":{"rendered":"https:\/\/www.actualidadadiario.com\/?p=62837"},"modified":"2020-06-11T12:40:30","modified_gmt":"2020-06-11T15:40:30","slug":"el-gobierno-decidira-en-las-proximas-48-horas-si-retrocede-la-fase-del-aislamiento","status":"publish","type":"post","link":"https:\/\/www.actualidadadiario.com\/index.php\/2020\/06\/11\/el-gobierno-decidira-en-las-proximas-48-horas-si-retrocede-la-fase-del-aislamiento\/","title":{"rendered":"El Gobierno decidir\u00e1 en las pr\u00f3ximas 48 horas si retrocede la fase del aislamiento"},"content":{"rendered":"<p style=\"text-align: center;\"><em><strong>El Presidente alert\u00f3 que en base a &#8220;la velocidad de contagios que tenemos&#8221; ahora, &#8220;tendr\u00edamos que estar en la fase uno&#8221;. Si hay un salto exponencial en los pr\u00f3ximos d\u00edas, se avanzar\u00e1 en esa decisi\u00f3n<\/strong><\/em><\/p>\n<p>&nbsp;<\/p>\n<p>Al comparar c\u00f3mo comenz\u00f3 el mes, con 564 casos nuevos el 1 de junio, frente a los 1226 registrados ayer, hubo un 117% de incremento de diagn\u00f3sticos de coronavirus. Que se haya superado la barrera psicol\u00f3gico de los mil no es lo \u00fanico que preocupa a Alberto Fern\u00e1ndez, porque podr\u00eda amesetarse como ya ocurri\u00f3: las pr\u00f3ximas 48 horas ser\u00e1n decisivas para saber si la tendencia confirma lo que m\u00e1s se teme, que haya un aumento exponencial en el corto plazo.<\/p>\n<p>Por eso, explicaban ayer en la Casa Rosada, el Presidente lanz\u00f3 una advertencia matutina, luego de una jornada que hab\u00eda marcado un nuevo r\u00e9cord con 1141 diagn\u00f3sticos en 24 horas. &#8220;La velocidad de contagios que tenemos hoy es la m\u00e1s alta que hemos tenido desde el d\u00eda cero, con lo cual tendr\u00edamos que estar en la fase uno, la fase uno ser\u00eda la cuarentena absoluta, pero ocurre que hay una pr\u00e9dica y una ansiedad en muchos sectores que es leg\u00edtima y que piden levantar la cuarentena y eso multiplica el riesgo&#8221;, explic\u00f3 en Radio 10.<\/p>\n<p>La mera posibilidad de regresar al confinamiento m\u00e1s restrictivo, sin paso intermedio de una marcha atr\u00e1s con ciertas flexibilizaciones, no pas\u00f3 desapercibido en la Jefatura de Gobierno porte\u00f1a ni en la gobernaci\u00f3n bonaerense, donde siguen librando una pulseada por el nivel de apertura en la zona metropolitana.<\/p>\n<p>En la segunda quincena de mayo, cuando se pas\u00f3 de los 400 casos diarios promedio a casi el doble, tambi\u00e9n se analiz\u00f3 reforzar el confinamiento. Pero, seg\u00fan la lectura oficial, esa nueva marca se mantuvo con el correr de los d\u00edas por lo que no fue necesario una marcha atr\u00e1s total. Al contrario, la Ciudad y, en menor medida, la provincia de Buenos Aires, siguieron con sus planes de reaperturas. Por eso en el Gobierno estaban pendientes del n\u00famero de ayer: 1226 de los que 1142 son porte\u00f1os o bonaerenses. Ahora esperar\u00e1n el de hoy.<\/p>\n<p>&#8220;Si hay un salto, con el virus encapsulado en dos jurisdicciones es m\u00e1s f\u00e1cil coordinar r\u00e1pido un encuentro para decidir volver atr\u00e1s&#8221;, afirmaban fuentes oficiales ayer. Con la gira de Alberto Fern\u00e1ndez al interior que seguir\u00e1 ma\u00f1ana por Catamarca y La Rioja, los tiempos podr\u00edan acelerarse para esta misma noche. &#8220;Durante el d\u00eda iremos viendo los n\u00fameros que llegan&#8221;, agregaron.<\/p>\n<p>Temprano, ayer, el ministro de Salud bonaerense, Daniel Goll\u00e1n, advirti\u00f3 que se vendr\u00eda un nuevo r\u00e9cord. &#8220;En el primer corte (del d\u00eda) tenemos 350 casos&#8221;, revel\u00f3 al mediod\u00eda. Como ya marca tendencia, la provincia sum\u00f3 m\u00e1s contagios que la Ciudad.<\/p>\n<p>Axel Kicillof, cuentan cerca de \u00e9l estuvo en contacto con Horacio Rodr\u00edguez Larreta en los \u00faltimos d\u00edas. El mismo Fern\u00e1ndez mensaje\u00f3 al dirigente del PRO al ver por TV los parques colmados de personas en el primer d\u00eda que se pudo salir a realizar actividad f\u00edsica. Sin una cr\u00edtica directa, el gobernador envi\u00f3 ayer un mensaje subliminal: &#8220;No hay que correr riesgos innecesarios&#8221;. El verbo, admitieron luego en La Plata, no fue usado al azar. Una picard\u00eda kicillofista.<\/p>\n","protected":false},"excerpt":{"rendered":"<p>El Presidente alert\u00f3 que en base a &#8220;la velocidad de contagios que tenemos&#8221; ahora, &#8220;tendr\u00edamos que estar en la fase uno&#8221;. Si hay un salto exponencial en los pr\u00f3ximos d\u00edas, se avanzar\u00e1 en esa decisi\u00f3n &nbsp; Al comparar c\u00f3mo comenz\u00f3 el mes, con 564 casos nuevos el 1 de junio, frente a los 1226 registrados ayer, hubo un 117% de incremento de diagn\u00f3sticos de coronavirus. Que se haya superado la barrera psicol\u00f3gico de los mil no es lo \u00fanico que preocupa a Alberto Fern\u00e1ndez, porque podr\u00eda amesetarse como ya ocurri\u00f3:&#8230;<\/p>\n","protected":false},"author":3,"featured_media":60302,"comment_status":"closed","ping_status":"closed","sticky":false,"template":"","format":"standard","meta":[],"categories":[9],"tags":[],"_links":{"self":[{"href":"https:\/\/www.actualidadadiario.com\/index.php\/wp-json\/wp\/v2\/posts\/62837"}],"collection":[{"href":"https:\/\/www.actualidadadiario.com\/index.php\/wp-json\/wp\/v2\/posts"}],"about":[{"href":"https:\/\/www.actualidadadiario.com\/index.php\/wp-json\/wp\/v2\/types\/post"}],"author":[{"embeddable":true,"href":"https:\/\/www.actualidadadiario.com\/index.php\/wp-json\/wp\/v2\/users\/3"}],"replies":[{"embeddable":true,"href":"https:\/\/www.actualidadadiario.com\/index.php\/wp-json\/wp\/v2\/comments?post=62837"}],"version-history":[{"count":1,"href":"https:\/\/www.actualidadadiario.com\/index.php\/wp-json\/wp\/v2\/posts\/62837\/revisions"}],"predecessor-version":[{"id":62838,"href":"https:\/\/www.actualidadadiario.com\/index.php\/wp-json\/wp\/v2\/posts\/62837\/revisions\/62838"}],"wp:featuredmedia":[{"embeddable":true,"href":"https:\/\/www.actualidadadiario.com\/index.php\/wp-json\/wp\/v2\/media\/60302"}],"wp:attachment":[{"href":"https:\/\/www.actualidadadiario.com\/index.php\/wp-json\/wp\/v2\/media?parent=62837"}],"wp:term":[{"taxonomy":"category","embeddable":true,"href":"https:\/\/www.actualidadadiario.com\/index.php\/wp-json\/wp\/v2\/categories?post=62837"},{"taxonomy":"post_tag","embeddable":true,"href":"https:\/\/www.actualidadadiario.com\/index.php\/wp-json\/wp\/v2\/tags?post=62837"}],"curies":[{"name":"wp","href":"https:\/\/api.w.org\/{rel}","templated":true}]}}