{"id":62834,"date":"2020-06-11T12:39:09","date_gmt":"2020-06-11T15:39:09","guid":{"rendered":"https:\/\/www.actualidadadiario.com\/?p=62834"},"modified":"2020-06-11T12:39:09","modified_gmt":"2020-06-11T15:39:09","slug":"alberto-vamos-a-hacer-historia-como-sociedad","status":"publish","type":"post","link":"https:\/\/www.actualidadadiario.com\/index.php\/2020\/06\/11\/alberto-vamos-a-hacer-historia-como-sociedad\/","title":{"rendered":"Alberto: &#8220;Vamos a hacer historia como sociedad&#8221;"},"content":{"rendered":"<p style=\"text-align: center;\"><em><strong>El presidente de la Naci\u00f3n, Alberto Fern\u00e1ndez, regres\u00f3 a la docencia en medio de la pandemia ocasionada por el coronavirus y la pol\u00e9mica por la intervenci\u00f3n de Grupo Vicentin. El mandatario comparti\u00f3 sus conocimientos con los alumnos de la materia Teor\u00eda del Delito y Sistemas de la Pena de la Universidad de Buenos Aires. Las postales de la clase se hicieron virales en las redes sociales y el jefe de Estado no tard\u00f3 en responderles a sus alumnos<\/strong><\/em><\/p>\n<p>&nbsp;<\/p>\n<p>&nbsp;<\/p>\n<p>\u201c\u00bfAlg\u00fan hijo, madre o padre m\u00e1s por saludar?\u201d, brome\u00f3 Alberto Fern\u00e1ndez al finalizar la clase y uno de los presentes le contest\u00f3: \u201cYo solo quer\u00eda decir una cosa profe\u201d. Se trata de Lucas, un alumno que comparti\u00f3 su emoci\u00f3n y valor\u00f3 el accionar del mandatario: \u201cUsted est\u00e1 haciendo historia. Ning\u00fan presidente en ejercicio dio clases en la universidad que Juan Domingo Per\u00f3n cre\u00f3 para los hijos de los trabajadores\u201d.<\/p>\n<p>La escena fue publicada en Twitter y el jefe de Estado se expres\u00f3 al respecto: \u201cSi cada uno de nosotros hace lo que tiene que hacer con toda responsabilidad, vamos a hacer historia como sociedad\u201d. En tanto, muchos fueron los usuarios que aplaudieron virtualmente el rol docente del presidente durante su gesti\u00f3n y felicitaron a Lucas por expresarle su agradecimiento en nombre de todos.<\/p>\n<p>Luego de su primera clase por videoconferencia, Alberto Fern\u00e1ndez agradeci\u00f3 la \u201cpaciencia y dedicaci\u00f3n\u201d de sus alumnos y alumnas. \u201cLo disfrut\u00e9 mucho\u201d, confes\u00f3. Por otra parte, contin\u00faa con su agenda pol\u00edtica frente a la emergencia sanitaria. La intenci\u00f3n de regresar a la \u201cfase 1\u201d del aislamiento social, preventivo y obligatorio cobra fuerza debido al incremento de contagios de COVID-19.<\/p>\n<p>Adem\u00e1s, este jueves se reunir\u00e1 con el CEO Sergio Nardelli tras la intervenci\u00f3n de Vicentin. La corporaci\u00f3n agropecuaria se encontraba en concurso de acreedores desde febrero. El objetivo de la decisi\u00f3n presidencial fue atender adecuadamente la situaci\u00f3n financiera de la empresa, garantizando su funcionamiento y los puestos de trabajo. Tambi\u00e9n responder a la preocupaci\u00f3n del mercado analizando estrategias econ\u00f3micas nacionales.<\/p>\n","protected":false},"excerpt":{"rendered":"<p>El presidente de la Naci\u00f3n, Alberto Fern\u00e1ndez, regres\u00f3 a la docencia en medio de la pandemia ocasionada por el coronavirus y la pol\u00e9mica por la intervenci\u00f3n de Grupo Vicentin. El mandatario comparti\u00f3 sus conocimientos con los alumnos de la materia Teor\u00eda del Delito y Sistemas de la Pena de la Universidad de Buenos Aires. Las postales de la clase se hicieron virales en las redes sociales y el jefe de Estado no tard\u00f3 en responderles a sus alumnos &nbsp; &nbsp; \u201c\u00bfAlg\u00fan hijo, madre o padre m\u00e1s por saludar?\u201d, brome\u00f3 Alberto&#8230;<\/p>\n","protected":false},"author":3,"featured_media":62835,"comment_status":"closed","ping_status":"closed","sticky":false,"template":"","format":"standard","meta":[],"categories":[9],"tags":[],"_links":{"self":[{"href":"https:\/\/www.actualidadadiario.com\/index.php\/wp-json\/wp\/v2\/posts\/62834"}],"collection":[{"href":"https:\/\/www.actualidadadiario.com\/index.php\/wp-json\/wp\/v2\/posts"}],"about":[{"href":"https:\/\/www.actualidadadiario.com\/index.php\/wp-json\/wp\/v2\/types\/post"}],"author":[{"embeddable":true,"href":"https:\/\/www.actualidadadiario.com\/index.php\/wp-json\/wp\/v2\/users\/3"}],"replies":[{"embeddable":true,"href":"https:\/\/www.actualidadadiario.com\/index.php\/wp-json\/wp\/v2\/comments?post=62834"}],"version-history":[{"count":1,"href":"https:\/\/www.actualidadadiario.com\/index.php\/wp-json\/wp\/v2\/posts\/62834\/revisions"}],"predecessor-version":[{"id":62836,"href":"https:\/\/www.actualidadadiario.com\/index.php\/wp-json\/wp\/v2\/posts\/62834\/revisions\/62836"}],"wp:featuredmedia":[{"embeddable":true,"href":"https:\/\/www.actualidadadiario.com\/index.php\/wp-json\/wp\/v2\/media\/62835"}],"wp:attachment":[{"href":"https:\/\/www.actualidadadiario.com\/index.php\/wp-json\/wp\/v2\/media?parent=62834"}],"wp:term":[{"taxonomy":"category","embeddable":true,"href":"https:\/\/www.actualidadadiario.com\/index.php\/wp-json\/wp\/v2\/categories?post=62834"},{"taxonomy":"post_tag","embeddable":true,"href":"https:\/\/www.actualidadadiario.com\/index.php\/wp-json\/wp\/v2\/tags?post=62834"}],"curies":[{"name":"wp","href":"https:\/\/api.w.org\/{rel}","templated":true}]}}