{"id":62822,"date":"2020-06-11T12:34:12","date_gmt":"2020-06-11T15:34:12","guid":{"rendered":"https:\/\/www.actualidadadiario.com\/?p=62822"},"modified":"2020-06-11T12:34:12","modified_gmt":"2020-06-11T15:34:12","slug":"comienzan-a-pagar-el-atp-a-16-millones-de-trabajadores-del-sector-privado","status":"publish","type":"post","link":"https:\/\/www.actualidadadiario.com\/index.php\/2020\/06\/11\/comienzan-a-pagar-el-atp-a-16-millones-de-trabajadores-del-sector-privado\/","title":{"rendered":"Comienzan a pagar el ATP a 1,6 millones de trabajadores del sector privado"},"content":{"rendered":"<p style=\"text-align: center;\"><em><strong>Se trata de los trabajadores de 193.000 empresas que adhirieron al programa y cuyos datos ya fueron procesados por la Administraci\u00f3n Federal de Ingresos P\u00fablicos<\/strong><\/em><\/p>\n<p>&nbsp;<\/p>\n<p>&nbsp;<\/p>\n<p>Cerca de 1,6 millones de trabajadores del sector privado recibir\u00e1n a partir de hoy el pago del salario complementario correspondiente al Programa de Asistencia de Emergencia al Trabajo y la Producci\u00f3n (ATP).<\/p>\n<p>Se trata de los trabajadores de 193.000 empresas que adhirieron al programa y cuyos datos ya fueron procesados por la Administraci\u00f3n Federal de Ingresos P\u00fablicos (AFIP), mientras que en los pr\u00f3ximos d\u00edas concluir\u00e1 el env\u00edo de la informaci\u00f3n de otras 200.000.<\/p>\n<p>La cobertura del ATP, que incluye el pago de hasta el 50% del salario de trabajadores de empresas cuyas actividades se hayan visto afectadas por la pandemia del coronavirus, podr\u00eda alcanzar finalmente a unos 2 millones de personas.<\/p>\n<p>La inversi\u00f3n del Estado para este mes es de $ 37.000 millones y se espera que, entre los primeros dos meses, el desembolso se acerque a poco menos de $ 100.000 millones, seg\u00fan c\u00e1lculos de la AFIP.<\/p>\n<p>El promedio de dinero depositado en la cuenta de cada trabajador incorporado en el ATP ser\u00e1 de $ 20.556, con un m\u00ednimo de $ 16.875 -correspondientes a un salario m\u00ednimo vital y m\u00f3vil- y un m\u00e1ximo de $ 33.750, lo que cubrir\u00e1 hasta el 50% de un salario neto de $ 67.500.<\/p>\n<p>Para dar mayor certidumbre a los trabajadores que reciben el ATP la Anses habilit\u00f3 en su p\u00e1gina web (www.anses.gob.ar) una secci\u00f3n especial de consulta nominada &#8220;Accesos r\u00e1pidos&#8221;, en la que habr\u00e1 que seleccionar la pesta\u00f1a &#8220;Asistencia de Emergencia para el Trabajo y la Producci\u00f3n (ATP)&#8221; e ingresar el CUIL para conocer el estado en el que se encuentra la liquidaci\u00f3n de sueldo.<\/p>\n<p>En el caso de que figure la leyenda &#8220;usted NO est\u00e1 registrado, consulte a su empleador&#8221; no quiere decir, necesariamente, que el empleador no haya solicitado el beneficio, sino que puede ser por motivos de demora en la carga de informaci\u00f3n o un error en la carga de la CBU, por lo que hay que aguardar que se actualice la informaci\u00f3n del sistema.<\/p>\n","protected":false},"excerpt":{"rendered":"<p>Se trata de los trabajadores de 193.000 empresas que adhirieron al programa y cuyos datos ya fueron procesados por la Administraci\u00f3n Federal de Ingresos P\u00fablicos &nbsp; &nbsp; Cerca de 1,6 millones de trabajadores del sector privado recibir\u00e1n a partir de hoy el pago del salario complementario correspondiente al Programa de Asistencia de Emergencia al Trabajo y la Producci\u00f3n (ATP). Se trata de los trabajadores de 193.000 empresas que adhirieron al programa y cuyos datos ya fueron procesados por la Administraci\u00f3n Federal de Ingresos P\u00fablicos (AFIP), mientras que en los pr\u00f3ximos&#8230;<\/p>\n","protected":false},"author":3,"featured_media":11600,"comment_status":"closed","ping_status":"closed","sticky":false,"template":"","format":"standard","meta":[],"categories":[2],"tags":[],"_links":{"self":[{"href":"https:\/\/www.actualidadadiario.com\/index.php\/wp-json\/wp\/v2\/posts\/62822"}],"collection":[{"href":"https:\/\/www.actualidadadiario.com\/index.php\/wp-json\/wp\/v2\/posts"}],"about":[{"href":"https:\/\/www.actualidadadiario.com\/index.php\/wp-json\/wp\/v2\/types\/post"}],"author":[{"embeddable":true,"href":"https:\/\/www.actualidadadiario.com\/index.php\/wp-json\/wp\/v2\/users\/3"}],"replies":[{"embeddable":true,"href":"https:\/\/www.actualidadadiario.com\/index.php\/wp-json\/wp\/v2\/comments?post=62822"}],"version-history":[{"count":1,"href":"https:\/\/www.actualidadadiario.com\/index.php\/wp-json\/wp\/v2\/posts\/62822\/revisions"}],"predecessor-version":[{"id":62823,"href":"https:\/\/www.actualidadadiario.com\/index.php\/wp-json\/wp\/v2\/posts\/62822\/revisions\/62823"}],"wp:featuredmedia":[{"embeddable":true,"href":"https:\/\/www.actualidadadiario.com\/index.php\/wp-json\/wp\/v2\/media\/11600"}],"wp:attachment":[{"href":"https:\/\/www.actualidadadiario.com\/index.php\/wp-json\/wp\/v2\/media?parent=62822"}],"wp:term":[{"taxonomy":"category","embeddable":true,"href":"https:\/\/www.actualidadadiario.com\/index.php\/wp-json\/wp\/v2\/categories?post=62822"},{"taxonomy":"post_tag","embeddable":true,"href":"https:\/\/www.actualidadadiario.com\/index.php\/wp-json\/wp\/v2\/tags?post=62822"}],"curies":[{"name":"wp","href":"https:\/\/api.w.org\/{rel}","templated":true}]}}