{"id":62811,"date":"2020-06-11T12:30:35","date_gmt":"2020-06-11T15:30:35","guid":{"rendered":"https:\/\/www.actualidadadiario.com\/?p=62811"},"modified":"2020-06-11T12:30:35","modified_gmt":"2020-06-11T15:30:35","slug":"es-ley-la-emergencia-del-sector-turistico-en-entre-rios","status":"publish","type":"post","link":"https:\/\/www.actualidadadiario.com\/index.php\/2020\/06\/11\/es-ley-la-emergencia-del-sector-turistico-en-entre-rios\/","title":{"rendered":"Es Ley la Emergencia del Sector Tur\u00edstico en Entre R\u00edos"},"content":{"rendered":"<p style=\"text-align: center;\"><em><strong>Aprobado por unanimidad en la C\u00e1mara de Diputados al haber obtenido sanci\u00f3n definitiva en el Senado este mi\u00e9rcoles. La norma protege y apoya a las actividades tur\u00edsticas de la provincia, directamente perjudicadas por la pandemia del COVID-19<\/strong><\/em><\/p>\n<p>&nbsp;<\/p>\n<p>El proyecto de Ley presentado por el presidente de la C\u00e1mara de Diputados, Angel Giano, con la coautor\u00eda de todas y todos los diputados del Bloque Frente Justicialista CREER Entre R\u00edos fue elaborado en forma conjunta con instituciones del sector tur\u00edstico, con los ministros de Producci\u00f3n, Turismo y Desarrollo Econ\u00f3mico, Juan Jos\u00e9 Bahillo, y de Econom\u00eda, Hacienda y Finanzas, Hugo Ballay, y con la Administradora Tributaria de Entre R\u00edos (ATER). El mismo declara la Emergencia en el Sector Tur\u00edstico hasta el 31 de diciembre de 2020, que podr\u00e1 prorrogarse por decreto provincial en caso de que se mantenga la emergencia epidemiol\u00f3gica y exime el pago de los impuestos inmobiliario e ingresos brutos como as\u00ed tambi\u00e9n la pr\u00f3rroga del vencimiento de lo no exento.<\/p>\n<p>Los beneficios de la Ley est\u00e1n dirigidos a personas humanas y jur\u00eddicas que realicen actividades tur\u00edsticas que impliquen: servicios de transporte con afectaci\u00f3n exclusiva para la actividad tur\u00edstica, hoteles y dem\u00e1s alojamientos tur\u00edsticos, complejos termales, establecimientos gastron\u00f3micos, agencias de viaje y turismo, gu\u00edas de turismo, gu\u00edas especializados, gu\u00edas de pesca y toda otra actividad que a criterio de la autoridad de aplicaci\u00f3n (Ministerio de Producci\u00f3n, Turismo y Desarrollo Econ\u00f3mico de Entre R\u00edos) se incluya.<\/p>\n","protected":false},"excerpt":{"rendered":"<p>Aprobado por unanimidad en la C\u00e1mara de Diputados al haber obtenido sanci\u00f3n definitiva en el Senado este mi\u00e9rcoles. La norma protege y apoya a las actividades tur\u00edsticas de la provincia, directamente perjudicadas por la pandemia del COVID-19 &nbsp; El proyecto de Ley presentado por el presidente de la C\u00e1mara de Diputados, Angel Giano, con la coautor\u00eda de todas y todos los diputados del Bloque Frente Justicialista CREER Entre R\u00edos fue elaborado en forma conjunta con instituciones del sector tur\u00edstico, con los ministros de Producci\u00f3n, Turismo y Desarrollo Econ\u00f3mico, Juan Jos\u00e9&#8230;<\/p>\n","protected":false},"author":3,"featured_media":62812,"comment_status":"closed","ping_status":"closed","sticky":false,"template":"","format":"standard","meta":[],"categories":[15],"tags":[],"_links":{"self":[{"href":"https:\/\/www.actualidadadiario.com\/index.php\/wp-json\/wp\/v2\/posts\/62811"}],"collection":[{"href":"https:\/\/www.actualidadadiario.com\/index.php\/wp-json\/wp\/v2\/posts"}],"about":[{"href":"https:\/\/www.actualidadadiario.com\/index.php\/wp-json\/wp\/v2\/types\/post"}],"author":[{"embeddable":true,"href":"https:\/\/www.actualidadadiario.com\/index.php\/wp-json\/wp\/v2\/users\/3"}],"replies":[{"embeddable":true,"href":"https:\/\/www.actualidadadiario.com\/index.php\/wp-json\/wp\/v2\/comments?post=62811"}],"version-history":[{"count":1,"href":"https:\/\/www.actualidadadiario.com\/index.php\/wp-json\/wp\/v2\/posts\/62811\/revisions"}],"predecessor-version":[{"id":62813,"href":"https:\/\/www.actualidadadiario.com\/index.php\/wp-json\/wp\/v2\/posts\/62811\/revisions\/62813"}],"wp:featuredmedia":[{"embeddable":true,"href":"https:\/\/www.actualidadadiario.com\/index.php\/wp-json\/wp\/v2\/media\/62812"}],"wp:attachment":[{"href":"https:\/\/www.actualidadadiario.com\/index.php\/wp-json\/wp\/v2\/media?parent=62811"}],"wp:term":[{"taxonomy":"category","embeddable":true,"href":"https:\/\/www.actualidadadiario.com\/index.php\/wp-json\/wp\/v2\/categories?post=62811"},{"taxonomy":"post_tag","embeddable":true,"href":"https:\/\/www.actualidadadiario.com\/index.php\/wp-json\/wp\/v2\/tags?post=62811"}],"curies":[{"name":"wp","href":"https:\/\/api.w.org\/{rel}","templated":true}]}}