{"id":62806,"date":"2020-06-11T12:28:57","date_gmt":"2020-06-11T15:28:57","guid":{"rendered":"https:\/\/www.actualidadadiario.com\/?p=62806"},"modified":"2020-06-11T12:28:57","modified_gmt":"2020-06-11T15:28:57","slug":"puertos-entrerrianos-y-uruguayos-coordinan-estrategias-de-trabajo-conjuntas","status":"publish","type":"post","link":"https:\/\/www.actualidadadiario.com\/index.php\/2020\/06\/11\/puertos-entrerrianos-y-uruguayos-coordinan-estrategias-de-trabajo-conjuntas\/","title":{"rendered":"Puertos entrerrianos y uruguayos coordinan estrategias de trabajo conjuntas"},"content":{"rendered":"<p style=\"text-align: center;\"><em><strong>Autoridades portuarias de la Provincia de Entre R\u00edos y de la Rep\u00fablica Oriental del Uruguay mantuvieron una teleconferencia con el fin de avanzar en estrategias comunes para el desarrollo de la regi\u00f3n de cara al comercio exterior y los diferentes mercados internacionales<\/strong><\/em><\/p>\n<p>&nbsp;<\/p>\n<p>&nbsp;<\/p>\n<p>Participaron del encuentro el presidente del Instituto Portuario de la Provincia de Entre R\u00edos (Ipper), Carlos Schepens; el presidente y el vicepresidente de la Administraci\u00f3n Nacional de Puertos (ANP) de la Rep\u00fablica Oriental del Uruguay, Juan Curbelo y Juan Jos\u00e9 Dom\u00ednguez, respectivamente; por el del Ministerio de Transporte de Uruguay, Pablo Genta; el titular del Ente Puerto Concepci\u00f3n del Uruguay, Marcelo Gay Balm\u00e1z, y el secretario T\u00e9cnico del Comit\u00e9 de Cuenca del R\u00edo Uruguay, Daniel Bentancur,<\/p>\n<p>\u201cEste encuentro forma parte de un concepto que venimos sustentando con hechos concretos desde hace muchos a\u00f1os, y que es la complementariedad de nuestros puertos y el desarrollo de nuestra regi\u00f3n como un bloque transfronterizo que suma sus fortalezas para presentarse en el mundo como un espacio competitivo a nivel global\u201d, remarc\u00f3 Schepens.<\/p>\n<p>En este sentido, durante la teleconferencia realizada el pasado martes, se resalt\u00f3 el trabajo conjunto que se viene realizando en materia de dragado y mantenimiento del r\u00edo Uruguay, como as\u00ed tambi\u00e9n la necesidad de potenciar el trabajo en todas las terminales portuarias entrerrianas y uruguayas sumando nuevas industrias y productos de la regi\u00f3n para utilizar los puertos como salida al mundo.<\/p>\n<p>\u201cEl trabajo conjunto con la Rep\u00fablica Oriental del Uruguay es permanente, tanto a nivel de autoridades de gobierno, como de relaci\u00f3n entre las diferentes empresas privadas involucradas en el comercio exterior, lo que buscamos es sumar esfuerzos, coordinar y afinar nuestras estrategias, y as\u00ed continuar generando ventajas para nuestros productores y mano de obra genuina para toda la regi\u00f3n\u201d, resalt\u00f3 Schepens.<\/p>\n<p>Cabe se\u00f1alar que la complementariedad de los puertos entrerrianos y uruguayos escal\u00f3 a niveles de relevancia a partir de la pol\u00edtica de reactivaci\u00f3n portuaria que el gobernador Gustavo Bordet puso en marcha en la provincia de Entre R\u00edos en los \u00faltimos a\u00f1os y llev\u00f3 a los puertos de Concepci\u00f3n del Uruguay e Ibicuy a sostener un ritmo de carga exportadora como hac\u00eda d\u00e9cadas no ten\u00eda el sistema portuario entrerriano.<\/p>\n<p>\u201cLa provincia de Entre R\u00edos ha marcado un rumbo estrat\u00e9gico que tiene a los puertos como uno de sus ejes y el ministro de la Producci\u00f3n, Juan Jos\u00e9 Bahillo, apunta a que la producci\u00f3n entrerriana gane nuevos mercados en el mundo, a partir de este concepto el trabajo conjunto con el Uruguay es central por cuestiones de volumen\u201d, destac\u00f3 el presidente del Ipper.<\/p>\n<p>Luego del encuentro se acordaron nuevas reuniones para abordar en profundidad otros temas vinculados a cuestiones operativas de los puertos, como as\u00ed tambi\u00e9n al sostenimiento de todas las medidas y protocolos de seguridad que se vienen implementando en todas las terminales para la prevenci\u00f3n del Covid-19 en el marco de la pandemia global de coronavirus.<\/p>\n","protected":false},"excerpt":{"rendered":"<p>Autoridades portuarias de la Provincia de Entre R\u00edos y de la Rep\u00fablica Oriental del Uruguay mantuvieron una teleconferencia con el fin de avanzar en estrategias comunes para el desarrollo de la regi\u00f3n de cara al comercio exterior y los diferentes mercados internacionales &nbsp; &nbsp; Participaron del encuentro el presidente del Instituto Portuario de la Provincia de Entre R\u00edos (Ipper), Carlos Schepens; el presidente y el vicepresidente de la Administraci\u00f3n Nacional de Puertos (ANP) de la Rep\u00fablica Oriental del Uruguay, Juan Curbelo y Juan Jos\u00e9 Dom\u00ednguez, respectivamente; por el del Ministerio&#8230;<\/p>\n","protected":false},"author":3,"featured_media":62807,"comment_status":"closed","ping_status":"closed","sticky":false,"template":"","format":"standard","meta":[],"categories":[15],"tags":[],"_links":{"self":[{"href":"https:\/\/www.actualidadadiario.com\/index.php\/wp-json\/wp\/v2\/posts\/62806"}],"collection":[{"href":"https:\/\/www.actualidadadiario.com\/index.php\/wp-json\/wp\/v2\/posts"}],"about":[{"href":"https:\/\/www.actualidadadiario.com\/index.php\/wp-json\/wp\/v2\/types\/post"}],"author":[{"embeddable":true,"href":"https:\/\/www.actualidadadiario.com\/index.php\/wp-json\/wp\/v2\/users\/3"}],"replies":[{"embeddable":true,"href":"https:\/\/www.actualidadadiario.com\/index.php\/wp-json\/wp\/v2\/comments?post=62806"}],"version-history":[{"count":1,"href":"https:\/\/www.actualidadadiario.com\/index.php\/wp-json\/wp\/v2\/posts\/62806\/revisions"}],"predecessor-version":[{"id":62808,"href":"https:\/\/www.actualidadadiario.com\/index.php\/wp-json\/wp\/v2\/posts\/62806\/revisions\/62808"}],"wp:featuredmedia":[{"embeddable":true,"href":"https:\/\/www.actualidadadiario.com\/index.php\/wp-json\/wp\/v2\/media\/62807"}],"wp:attachment":[{"href":"https:\/\/www.actualidadadiario.com\/index.php\/wp-json\/wp\/v2\/media?parent=62806"}],"wp:term":[{"taxonomy":"category","embeddable":true,"href":"https:\/\/www.actualidadadiario.com\/index.php\/wp-json\/wp\/v2\/categories?post=62806"},{"taxonomy":"post_tag","embeddable":true,"href":"https:\/\/www.actualidadadiario.com\/index.php\/wp-json\/wp\/v2\/tags?post=62806"}],"curies":[{"name":"wp","href":"https:\/\/api.w.org\/{rel}","templated":true}]}}