{"id":62797,"date":"2020-06-11T12:26:02","date_gmt":"2020-06-11T15:26:02","guid":{"rendered":"https:\/\/www.actualidadadiario.com\/?p=62797"},"modified":"2020-06-11T12:26:02","modified_gmt":"2020-06-11T15:26:02","slug":"aislaron-a-25-personas-en-villa-del-rosario-algunos-tienen-sintomas-de-covid-19","status":"publish","type":"post","link":"https:\/\/www.actualidadadiario.com\/index.php\/2020\/06\/11\/aislaron-a-25-personas-en-villa-del-rosario-algunos-tienen-sintomas-de-covid-19\/","title":{"rendered":"Aislaron a 25 personas en Villa del Rosario: Algunos tienen s\u00edntomas de Covid-19"},"content":{"rendered":"<p style=\"text-align: center;\"><em><strong>As\u00ed lo confirm\u00f3 la intendente de Villa del Rosario. Adem\u00e1s, adelant\u00f3 que hay 25 personas aisladas, algunos de ellos, con s\u00edntomas de coronavirus. Estiman que este jueves confirmar\u00edan nuevos casos positivos<\/strong><\/em><\/p>\n<p>&nbsp;<\/p>\n<p>&nbsp;<\/p>\n<p>Lo inform\u00f3 la intendente de esa ciudad y la directora del Hospital Santa Rosa de Chajar\u00ed, quienes brindaron una conferencia de prensa en la que adelantaron que hay 25 personas aisladas, algunos con s\u00edntomas lo que hoy llevar\u00eda a confirmar nuevos casos.<\/p>\n<p>La intendente de Villa del Rosario, Vanina Perini, reconoci\u00f3 que es un d\u00eda &#8220;at\u00edpico&#8221; para esa localidad, que ayer recibi\u00f3 la informaci\u00f3n sobre dos casos positivos de coronavirus. Uno de un habitante de la ciudad y otro en la zona rural. Junto a esos resultados, lleg\u00f3 tambi\u00e9n un positivo a un paciente de Chajar\u00ed.<\/p>\n<p>Adem\u00e1s, hay varias personas aisladas tanto en esa ciudad, como en Santa Ana, se indic\u00f3 en la conferencia. Perini pidi\u00f3 &#8220;calma y premura, sin entrar en p\u00e1nico&#8221;. Asimismo, requiri\u00f3 que la poblaci\u00f3n se cuide y que &#8220;el distanciamiento social es la norma por excelencia&#8221;, dijo seg\u00fan public\u00f3 RadioCity.<\/p>\n<p>&#8220;Estamos ante un virus desconocido, para m\u00ed no es una gripe m\u00e1s. Tenemos que usar barbijo cuando no podamos cumplir con el distanciamiento&#8221;, dijo y agreg\u00f3 que &#8220;planific\u00e1bamos para ver si podr\u00edamos reabrir los bares o un centro de pilate o yoga. Pero siempre apelamos a la responsabilidad de las personas, no podemos tener un polic\u00eda o un inspector para cada uno&#8221;, remarc\u00f3.<\/p>\n<p>&#8220;Nos pasamos dici\u00e9ndole que no se pueden juntar a jugar al f\u00fatbol o en una reuni\u00f3n. El virus iba a llegar pero s\u00ed debemos ser responsables o precavidos&#8221;, se explay\u00f3 Perini.<\/p>\n<p>En ese contexto, esgrimi\u00f3 los motivos por el cual se invit\u00f3 a las personas que son de esa localidad y que trabajan en lugares donde circula el virus, a que no regresen por un tiempo a la misma, a fin de evitar la transmisi\u00f3n del virus. &#8220;La inmensa mayor\u00eda es consciente. No estamos pidiendo ni cercenando ning\u00fan derecho. Si puede trabajar el sector citr\u00edcola y maderero, valor\u00e9moslo, pero cuidemos eso&#8221;, resalt\u00f3.<\/p>\n<p>Adem\u00e1s, se\u00f1al\u00f3 que en cuesti\u00f3n de salud no s\u00f3lo est\u00e1n focalizados en los que es coronavirus, sino en otras cuestiones que hacen a la salud de la poblaci\u00f3n y que tambi\u00e9n requiere atenci\u00f3n de los profesionales.<\/p>\n<p>Por \u00faltimo, la intendente se\u00f1al\u00f3 que &#8220;por 14 d\u00edas, la pesca, bares y gimnasios&#8221;, seguir\u00e1n sin habilitaci\u00f3n.<\/p>\n","protected":false},"excerpt":{"rendered":"<p>As\u00ed lo confirm\u00f3 la intendente de Villa del Rosario. Adem\u00e1s, adelant\u00f3 que hay 25 personas aisladas, algunos de ellos, con s\u00edntomas de coronavirus. Estiman que este jueves confirmar\u00edan nuevos casos positivos &nbsp; &nbsp; Lo inform\u00f3 la intendente de esa ciudad y la directora del Hospital Santa Rosa de Chajar\u00ed, quienes brindaron una conferencia de prensa en la que adelantaron que hay 25 personas aisladas, algunos con s\u00edntomas lo que hoy llevar\u00eda a confirmar nuevos casos. La intendente de Villa del Rosario, Vanina Perini, reconoci\u00f3 que es un d\u00eda &#8220;at\u00edpico&#8221; para&#8230;<\/p>\n","protected":false},"author":3,"featured_media":62798,"comment_status":"closed","ping_status":"closed","sticky":false,"template":"","format":"standard","meta":[],"categories":[9],"tags":[],"_links":{"self":[{"href":"https:\/\/www.actualidadadiario.com\/index.php\/wp-json\/wp\/v2\/posts\/62797"}],"collection":[{"href":"https:\/\/www.actualidadadiario.com\/index.php\/wp-json\/wp\/v2\/posts"}],"about":[{"href":"https:\/\/www.actualidadadiario.com\/index.php\/wp-json\/wp\/v2\/types\/post"}],"author":[{"embeddable":true,"href":"https:\/\/www.actualidadadiario.com\/index.php\/wp-json\/wp\/v2\/users\/3"}],"replies":[{"embeddable":true,"href":"https:\/\/www.actualidadadiario.com\/index.php\/wp-json\/wp\/v2\/comments?post=62797"}],"version-history":[{"count":1,"href":"https:\/\/www.actualidadadiario.com\/index.php\/wp-json\/wp\/v2\/posts\/62797\/revisions"}],"predecessor-version":[{"id":62799,"href":"https:\/\/www.actualidadadiario.com\/index.php\/wp-json\/wp\/v2\/posts\/62797\/revisions\/62799"}],"wp:featuredmedia":[{"embeddable":true,"href":"https:\/\/www.actualidadadiario.com\/index.php\/wp-json\/wp\/v2\/media\/62798"}],"wp:attachment":[{"href":"https:\/\/www.actualidadadiario.com\/index.php\/wp-json\/wp\/v2\/media?parent=62797"}],"wp:term":[{"taxonomy":"category","embeddable":true,"href":"https:\/\/www.actualidadadiario.com\/index.php\/wp-json\/wp\/v2\/categories?post=62797"},{"taxonomy":"post_tag","embeddable":true,"href":"https:\/\/www.actualidadadiario.com\/index.php\/wp-json\/wp\/v2\/tags?post=62797"}],"curies":[{"name":"wp","href":"https:\/\/api.w.org\/{rel}","templated":true}]}}