{"id":62789,"date":"2020-06-10T13:19:17","date_gmt":"2020-06-10T16:19:17","guid":{"rendered":"https:\/\/www.actualidadadiario.com\/?p=62789"},"modified":"2020-06-10T13:19:17","modified_gmt":"2020-06-10T16:19:17","slug":"la-justicia-brasilena-intima-al-gobierno-de-bolsonaro-por-supuesta-manipulacion-de-los-datos-del-coronavirus","status":"publish","type":"post","link":"https:\/\/www.actualidadadiario.com\/index.php\/2020\/06\/10\/la-justicia-brasilena-intima-al-gobierno-de-bolsonaro-por-supuesta-manipulacion-de-los-datos-del-coronavirus\/","title":{"rendered":"La Justicia brasile\u00f1a intima al gobierno de Bolsonaro por supuesta manipulaci\u00f3n de los datos del coronavirus"},"content":{"rendered":"<p style=\"text-align: center;\"><em><strong>Se profundiza la crisis institucional en Brasil, luego de que el pa\u00eds superara los 37 mil muertos por el brote de coronavirus. El presidente Bolsonaro dijo que &#8220;no le teme a la verdad&#8221;. Tiene 48 horas para explicar por qu\u00e9 cambi\u00f3 la metodolog\u00eda en los informes sobre fallecidos y contagiados<\/strong><\/em><\/p>\n<p>&nbsp;<\/p>\n<p>Con Brasil como el pa\u00eds de Am\u00e9rica Latina m\u00e1s afectado por la pandemia, la decisi\u00f3n del Supremo Tribunal Federal (STF) cumple con una solicitud de tres partidos de oposici\u00f3n que presentaron una demanda el s\u00e1bado pasado, d\u00edas despu\u00e9s que el gobierno tomara la decisi\u00f3n de retrasar la publicaci\u00f3n de los datos de nuevos casos y muertes por coronavirus.<\/p>\n<p>El ultraderechista mandatario reaccion\u00f3 r\u00e1pidamente y, en una reuni\u00f3n ministerial transmitida en directo desde el Palacio presidencial de Planalto, en Brasilia, asegur\u00f3 que su gobierno est\u00e1 al lado de la \u201ctransparencia\u201d y que no teme a \u201cla verdad\u201d.<\/p>\n<p>Luego, dijo que contin\u00faa siendo \u201cla marca de su gobierno\u201d la frase del Evangelio seg\u00fan San Juan que dice \u201cy conocer\u00e9is la verdad, y la verdad os har\u00e1 libres\u201d, y que utiliz\u00f3 como uno de sus lemas en la campa\u00f1a electoral de 2018.<\/p>\n<p>El jefe de Estado busc\u00f3 retomar la iniciativa en la enorme controversia generada a partir de las modificaciones que han sufrido los boletines diarios sobre el nuevo coronavirus en los \u00faltimos d\u00edas y que se han traducido en una reducci\u00f3n de las informaciones.<\/p>\n<p>La decisi\u00f3n de Bolsonaro sobre las estad\u00edsticas implic\u00f3 que ya no ser\u00eda publicado el total de contagios y muertes por coronavirus y solo informar\u00edan los decesos y contagios de las 24 horas previas, alegando que el formato anterior no representaba \u201cel momento del pa\u00eds\u201d.<\/p>\n<p>El magistrado del STF Alexandre de Morais, en un oficio publicado anoche, determin\u00f3 sin embargo que los datos totales de Covid-19, la enfermedad que causa el nuevo coronavirus, deben ser incluidos en los boletines diarios y en el portal creado para la divulgaci\u00f3n por el Ministerio.<\/p>\n<p>De Morais consider\u00f3 en su fallo que la \u201cpublicidad\u201d es \u201cimprescindible dentro de la administraci\u00f3n p\u00fablica&#8221; a los ojos de la Constituci\u00f3n y frente a la &#8220;gravedad de la emergencia&#8221; por la que pasa el pa\u00eds a causa de la pandemia, inform\u00f3 la agencia de noticias EFE.<\/p>\n<p>El gobierno de Bolsonaro tiene 48 horas para explicar el porqu\u00e9 del cambio de metodolog\u00eda, agreg\u00f3 el oficio.<\/p>\n<p>La gesti\u00f3n del coronavirus de Bolsonaro fue mundialmente criticada, y a ella se atribuye en gran parte que Brasil tenga m\u00e1s de 37.000 muertes por el virus hasta el momento.<\/p>\n<p>El mandatario ultraderechista minimiz\u00f3 desde el principio la gravedad de la enfermedad, a la que calific\u00f3 de \u201cgripecita\u201d, rechaz\u00f3 las cuarentenas para priorizar la econom\u00eda -que igual se desplom\u00f3- y hasta desestim\u00f3 las medidas de distanciamiento social que recomendaba su propio gobierno.<\/p>\n<p>Sus dos anteriores ministros de Salud ya no est\u00e1n en su puesto: uno fue echado y el otro renunci\u00f3, en ambos casos por discrepar con la estrategia del presidente.<\/p>\n<p>El Congreso, la clase pol\u00edtica y las asociaciones de prensa se pronunciaron durante todo el fin de semana contra el cambio adoptado por el Ejecutivo para divulgar los datos de Covid-19.<\/p>\n<p>La decisi\u00f3n se suma a otra de la Fiscal\u00eda, que pidi\u00f3 en un plazo de 72 horas, que vence hoy, que el ministro interino de Salud, el general Eduardo Pazuello, explique las razones para el cambio adoptado desde el \u00faltimo viernes y presente el acto administrativo que soporta la pol\u00e9mica decisi\u00f3n del Ejecutivo.<\/p>\n<p>Antes del oficio del STF, Brasil confirm\u00f3 679 muertes por coronavirus en las \u00faltimas 24 horas, con lo que el total asciende a 37.134, mientras que los infectados suman ya 707.412, al ser contabilizados los 15.564 nuevos casos confirmados.<\/p>\n<p>El gigante sudamericano es el segundo pa\u00eds con m\u00e1s casos en el mundo, detr\u00e1s solamente de Estados Unidos, y el tercero en muertes, superado por Estados Unidos y el Reino Unido.<\/p>\n","protected":false},"excerpt":{"rendered":"<p>Se profundiza la crisis institucional en Brasil, luego de que el pa\u00eds superara los 37 mil muertos por el brote de coronavirus. El presidente Bolsonaro dijo que &#8220;no le teme a la verdad&#8221;. Tiene 48 horas para explicar por qu\u00e9 cambi\u00f3 la metodolog\u00eda en los informes sobre fallecidos y contagiados &nbsp; Con Brasil como el pa\u00eds de Am\u00e9rica Latina m\u00e1s afectado por la pandemia, la decisi\u00f3n del Supremo Tribunal Federal (STF) cumple con una solicitud de tres partidos de oposici\u00f3n que presentaron una demanda el s\u00e1bado pasado, d\u00edas despu\u00e9s que&#8230;<\/p>\n","protected":false},"author":3,"featured_media":62790,"comment_status":"closed","ping_status":"closed","sticky":false,"template":"","format":"standard","meta":[],"categories":[4],"tags":[],"_links":{"self":[{"href":"https:\/\/www.actualidadadiario.com\/index.php\/wp-json\/wp\/v2\/posts\/62789"}],"collection":[{"href":"https:\/\/www.actualidadadiario.com\/index.php\/wp-json\/wp\/v2\/posts"}],"about":[{"href":"https:\/\/www.actualidadadiario.com\/index.php\/wp-json\/wp\/v2\/types\/post"}],"author":[{"embeddable":true,"href":"https:\/\/www.actualidadadiario.com\/index.php\/wp-json\/wp\/v2\/users\/3"}],"replies":[{"embeddable":true,"href":"https:\/\/www.actualidadadiario.com\/index.php\/wp-json\/wp\/v2\/comments?post=62789"}],"version-history":[{"count":1,"href":"https:\/\/www.actualidadadiario.com\/index.php\/wp-json\/wp\/v2\/posts\/62789\/revisions"}],"predecessor-version":[{"id":62791,"href":"https:\/\/www.actualidadadiario.com\/index.php\/wp-json\/wp\/v2\/posts\/62789\/revisions\/62791"}],"wp:featuredmedia":[{"embeddable":true,"href":"https:\/\/www.actualidadadiario.com\/index.php\/wp-json\/wp\/v2\/media\/62790"}],"wp:attachment":[{"href":"https:\/\/www.actualidadadiario.com\/index.php\/wp-json\/wp\/v2\/media?parent=62789"}],"wp:term":[{"taxonomy":"category","embeddable":true,"href":"https:\/\/www.actualidadadiario.com\/index.php\/wp-json\/wp\/v2\/categories?post=62789"},{"taxonomy":"post_tag","embeddable":true,"href":"https:\/\/www.actualidadadiario.com\/index.php\/wp-json\/wp\/v2\/tags?post=62789"}],"curies":[{"name":"wp","href":"https:\/\/api.w.org\/{rel}","templated":true}]}}