{"id":62786,"date":"2020-06-10T13:18:28","date_gmt":"2020-06-10T16:18:28","guid":{"rendered":"https:\/\/www.actualidadadiario.com\/?p=62786"},"modified":"2020-06-10T13:18:28","modified_gmt":"2020-06-10T16:18:28","slug":"la-sobrina-nieta-del-dictador-pinochet-renuncio-al-gabinete-de-pinera","status":"publish","type":"post","link":"https:\/\/www.actualidadadiario.com\/index.php\/2020\/06\/10\/la-sobrina-nieta-del-dictador-pinochet-renuncio-al-gabinete-de-pinera\/","title":{"rendered":"La sobrina nieta del dictador Pinochet renunci\u00f3 al gabinete de Pi\u00f1era"},"content":{"rendered":"<p style=\"text-align: center;\"><em><strong>El paso de Macarena Santelices como ministra de la Mujer y la Equidad de G\u00e9nero en Chile fue infinitanente m\u00e1s corto que la extensa dictadura de su t\u00edo abuelo Augusto Pinochet. La pol\u00edtica conservadora renunci\u00f3 este martes a su cargo tras apenas 34 d\u00edas de gesti\u00f3n<\/strong><\/em><\/p>\n<p>&nbsp;<\/p>\n<p>La publicaci\u00f3n de un video controvertido termin\u00f3 de desgastarla en su breve gesti\u00f3n. \u201cEl d\u00eda en que se entienda que la causa de las mujeres no tiene color pol\u00edtico, es de todas y para todas, podremos avanzar. Por mi lealtad al presidente Sebasti\u00e1n Pi\u00f1era, al pa\u00eds y las chilenas, hoy decido dar un paso al costado. Mi compromiso ser\u00e1 siempre con el servicio p\u00fablico\u201d, anunci\u00f3 Santelices su salida del gobierno derechista por Twitter.<\/p>\n<p>En su lugar, Pi\u00f1era design\u00f3 a M\u00f3nica Zalaquett, hasta ahora subsecretaria de Turismo, y agradeci\u00f3 la gesti\u00f3n de la descendiente del dictador \u201cpor el compromiso, la vocaci\u00f3n, la entrega y el entusiasmo con que cumple todas sus funciones p\u00fablicas\u201d. Las dos mujeres militan en la Uni\u00f3n Dem\u00f3crata Independiente, el m\u00e1s fervoroso partido de la derecha pinochetista.<\/p>\n<p>La noche del 31 de mayo, la sobrina nieta del dictador public\u00f3 un video del Servicio Nacional de la Mujer y la Equidad de G\u00e9nero (Sernameg), en el que se presentaba con un discurso victimizante a un hombre que hab\u00eda cometido violencia de g\u00e9nero. Santelices exigi\u00f3 la eliminaci\u00f3n del audiovisual difundido en las plataformas digitales del Sernameg y responsabiliz\u00f3 a la directora del organismo. M\u00e1s tarde, trat\u00f3 de justificarse ante El Mercurio, al que asegur\u00f3 que \u201cun agresor jam\u00e1s tendr\u00e1 justificaciones\u201d.<\/p>\n<p>Santelices, periodista de profesi\u00f3n, fue alcaldesa de Olmu\u00e9, en el norte de Chile, entre 2012 y 2019. Lleg\u00f3 al ministerio de Pi\u00f1era el pasado 6 de mayo, y sus credenciales como familiar de Pinochet y sin v\u00ednculos con pol\u00edticas y reivindicaciones de g\u00e9nero le jugaron en contra. Tanto como haber dicho en una entrevista que \u201cs\u00ed, hubo violaciones a los derechos humanos y ese es el gran karma que tiene el gobierno militar, pero tambi\u00e9n hubo reactivaci\u00f3n econ\u00f3mica\u201d.<\/p>\n","protected":false},"excerpt":{"rendered":"<p>El paso de Macarena Santelices como ministra de la Mujer y la Equidad de G\u00e9nero en Chile fue infinitanente m\u00e1s corto que la extensa dictadura de su t\u00edo abuelo Augusto Pinochet. La pol\u00edtica conservadora renunci\u00f3 este martes a su cargo tras apenas 34 d\u00edas de gesti\u00f3n &nbsp; La publicaci\u00f3n de un video controvertido termin\u00f3 de desgastarla en su breve gesti\u00f3n. \u201cEl d\u00eda en que se entienda que la causa de las mujeres no tiene color pol\u00edtico, es de todas y para todas, podremos avanzar. Por mi lealtad al presidente Sebasti\u00e1n&#8230;<\/p>\n","protected":false},"author":3,"featured_media":62787,"comment_status":"closed","ping_status":"closed","sticky":false,"template":"","format":"standard","meta":[],"categories":[4],"tags":[],"_links":{"self":[{"href":"https:\/\/www.actualidadadiario.com\/index.php\/wp-json\/wp\/v2\/posts\/62786"}],"collection":[{"href":"https:\/\/www.actualidadadiario.com\/index.php\/wp-json\/wp\/v2\/posts"}],"about":[{"href":"https:\/\/www.actualidadadiario.com\/index.php\/wp-json\/wp\/v2\/types\/post"}],"author":[{"embeddable":true,"href":"https:\/\/www.actualidadadiario.com\/index.php\/wp-json\/wp\/v2\/users\/3"}],"replies":[{"embeddable":true,"href":"https:\/\/www.actualidadadiario.com\/index.php\/wp-json\/wp\/v2\/comments?post=62786"}],"version-history":[{"count":1,"href":"https:\/\/www.actualidadadiario.com\/index.php\/wp-json\/wp\/v2\/posts\/62786\/revisions"}],"predecessor-version":[{"id":62788,"href":"https:\/\/www.actualidadadiario.com\/index.php\/wp-json\/wp\/v2\/posts\/62786\/revisions\/62788"}],"wp:featuredmedia":[{"embeddable":true,"href":"https:\/\/www.actualidadadiario.com\/index.php\/wp-json\/wp\/v2\/media\/62787"}],"wp:attachment":[{"href":"https:\/\/www.actualidadadiario.com\/index.php\/wp-json\/wp\/v2\/media?parent=62786"}],"wp:term":[{"taxonomy":"category","embeddable":true,"href":"https:\/\/www.actualidadadiario.com\/index.php\/wp-json\/wp\/v2\/categories?post=62786"},{"taxonomy":"post_tag","embeddable":true,"href":"https:\/\/www.actualidadadiario.com\/index.php\/wp-json\/wp\/v2\/tags?post=62786"}],"curies":[{"name":"wp","href":"https:\/\/api.w.org\/{rel}","templated":true}]}}