{"id":62783,"date":"2020-06-10T13:17:38","date_gmt":"2020-06-10T16:17:38","guid":{"rendered":"https:\/\/www.actualidadadiario.com\/?p=62783"},"modified":"2020-06-10T13:17:38","modified_gmt":"2020-06-10T16:17:38","slug":"la-onu-confirmo-cuantos-pobres-hay-en-el-mundo","status":"publish","type":"post","link":"https:\/\/www.actualidadadiario.com\/index.php\/2020\/06\/10\/la-onu-confirmo-cuantos-pobres-hay-en-el-mundo\/","title":{"rendered":"La ONU confirm\u00f3 cu\u00e1ntos pobres hay en el mundo"},"content":{"rendered":"<p style=\"text-align: center;\"><em><strong>El secretario general de la ONU, Antonio Guterres, confirmo que hay \u201cm\u00e1s de 820 millones de personas que sufren hambre en el mundo, de las cuales 144 millones son ni\u00f1os menores de cinco a\u00f1os. El coronavirus empeor\u00f3 las cosas y este a\u00f1o las personas en extrema pobreza podr\u00edan ser unos 48 millones m\u00e1s\u201d. As\u00ed se dieron a conocer los datos actualizados en medio de la pandemia a trav\u00e9s de un videomensaje<\/strong><\/em><\/p>\n<p>&nbsp;<\/p>\n<p>Asimismo, Guterres advirti\u00f3 que \u201csi no se toman medidas inmediatas, una emergencia alimentaria global inminente podr\u00eda tener un impacto a largo plazo sobre cientos de millones de personas. La baja de cada punto porcentual del PIB global implica otros 0,7 millones de ni\u00f1os hambrientos. Tambi\u00e9n en el pa\u00eds donde la comida es abundante existe el riesgo de interrupciones en la cadena de aprovisionamiento alimentario\u201c.<\/p>\n<p>Asimismo, agreg\u00f3 que \u201cdebemos movilizarnos para salvar vidas enfocando la atenci\u00f3n donde el riesgo es m\u00e1s agudo. Adem\u00e1s, los pa\u00edses deben salvaguardar el acceso a alimentos seguros y nutrientes, en particular para los ni\u00f1os, mujeres embarazadas y en per\u00edodo de lactancia, ancianos y otras categor\u00edas en riesgo. Hay que \u201cinvertir en el futuro\u201d.<\/p>\n<p>\u201cTenemos la oportunidad de construir un mundo m\u00e1s inclusivo y sostenible, construyamos sistemas alimentarios que respondan mejor a las exigencias de productores y trabajadores, y reequilibremos la relaci\u00f3n entre los sistemas alimentarios y ambiente, transform\u00e1ndolos para trabajar mejor por el clima\u201d, concluy\u00f3 la m\u00e1xima autoridad de la ONU, seg\u00fan cita ANSA.<\/p>\n<p>&nbsp;<\/p>\n<p><strong>Segunda ola<\/strong><\/p>\n<p>La Organizaci\u00f3n Mundial consider\u00f3 que una segunda ola de COVID-19 podr\u00eda ser evitada sin necesidad de contar con una vacuna. Es decir, mediante extremas medidas de prevenci\u00f3n y seguridad, y con la colaboraci\u00f3n de la poblaci\u00f3n mundial \u201cque deber\u00eda convivir un tiempo con la infecci\u00f3n que hoy afecta a millones de personas en todos los continentes\u201d.<\/p>\n<p>\u201cLa segunda ola de coronavirus no es algo inevitable. Aunque cada vez m\u00e1s pa\u00edses levantan las restricciones y hay un claro riesgo de rebrote de la infecci\u00f3n\u201d, indic\u00f3 el director regional de la OMS para Europa, Hans Kluge, seg\u00fan cita la agencia EFE. \u201cLa buena noticia es que hemos aprendido mucho tras la primera ola y, si hay una segunda, estaremos m\u00e1s preparados\u201d, a\u00f1adi\u00f3.<\/p>\n","protected":false},"excerpt":{"rendered":"<p>El secretario general de la ONU, Antonio Guterres, confirmo que hay \u201cm\u00e1s de 820 millones de personas que sufren hambre en el mundo, de las cuales 144 millones son ni\u00f1os menores de cinco a\u00f1os. El coronavirus empeor\u00f3 las cosas y este a\u00f1o las personas en extrema pobreza podr\u00edan ser unos 48 millones m\u00e1s\u201d. As\u00ed se dieron a conocer los datos actualizados en medio de la pandemia a trav\u00e9s de un videomensaje &nbsp; Asimismo, Guterres advirti\u00f3 que \u201csi no se toman medidas inmediatas, una emergencia alimentaria global inminente podr\u00eda tener un&#8230;<\/p>\n","protected":false},"author":3,"featured_media":62784,"comment_status":"closed","ping_status":"closed","sticky":false,"template":"","format":"standard","meta":[],"categories":[4],"tags":[],"_links":{"self":[{"href":"https:\/\/www.actualidadadiario.com\/index.php\/wp-json\/wp\/v2\/posts\/62783"}],"collection":[{"href":"https:\/\/www.actualidadadiario.com\/index.php\/wp-json\/wp\/v2\/posts"}],"about":[{"href":"https:\/\/www.actualidadadiario.com\/index.php\/wp-json\/wp\/v2\/types\/post"}],"author":[{"embeddable":true,"href":"https:\/\/www.actualidadadiario.com\/index.php\/wp-json\/wp\/v2\/users\/3"}],"replies":[{"embeddable":true,"href":"https:\/\/www.actualidadadiario.com\/index.php\/wp-json\/wp\/v2\/comments?post=62783"}],"version-history":[{"count":1,"href":"https:\/\/www.actualidadadiario.com\/index.php\/wp-json\/wp\/v2\/posts\/62783\/revisions"}],"predecessor-version":[{"id":62785,"href":"https:\/\/www.actualidadadiario.com\/index.php\/wp-json\/wp\/v2\/posts\/62783\/revisions\/62785"}],"wp:featuredmedia":[{"embeddable":true,"href":"https:\/\/www.actualidadadiario.com\/index.php\/wp-json\/wp\/v2\/media\/62784"}],"wp:attachment":[{"href":"https:\/\/www.actualidadadiario.com\/index.php\/wp-json\/wp\/v2\/media?parent=62783"}],"wp:term":[{"taxonomy":"category","embeddable":true,"href":"https:\/\/www.actualidadadiario.com\/index.php\/wp-json\/wp\/v2\/categories?post=62783"},{"taxonomy":"post_tag","embeddable":true,"href":"https:\/\/www.actualidadadiario.com\/index.php\/wp-json\/wp\/v2\/tags?post=62783"}],"curies":[{"name":"wp","href":"https:\/\/api.w.org\/{rel}","templated":true}]}}