{"id":62780,"date":"2020-06-10T13:16:49","date_gmt":"2020-06-10T16:16:49","guid":{"rendered":"https:\/\/www.actualidadadiario.com\/?p=62780"},"modified":"2020-06-10T13:16:49","modified_gmt":"2020-06-10T16:16:49","slug":"los-espanoles-deberan-utilizar-tapabocas-hasta-que-exista-una-vacuna","status":"publish","type":"post","link":"https:\/\/www.actualidadadiario.com\/index.php\/2020\/06\/10\/los-espanoles-deberan-utilizar-tapabocas-hasta-que-exista-una-vacuna\/","title":{"rendered":"Los espa\u00f1oles deber\u00e1n utilizar tapabocas hasta que exista una vacuna"},"content":{"rendered":"<p style=\"text-align: center;\"><em><strong>Pese a que de a poco van dejando atr\u00e1s lo peor de la pandemia del coronavirus, el gobierno espa\u00f1ol aprob\u00f3 un decreto para \u201cconvivir\u201d con el coronavirus hasta que exista una vacuna o un tratamiento, y hasta esa fecha ser\u00e1 obligatorio el uso de mascarillas o tapabocas. Seg\u00fan el Ministro de Salud local, \u201cla ciudadan\u00eda deber\u00e1 aprender a convivir con el virus hasta ese momento\u201d<\/strong><\/em><\/p>\n<p>&nbsp;<\/p>\n<p>Seg\u00fan las autoridades, cita ANSA, la nueva etapa tendr\u00e1 inicio el 21 de junio, fecha en que vencer\u00e1 el estado de alarma que fue decretado el 14 de marzo. \u201cEl decreto de medidas urgentes de prevenci\u00f3n, contenci\u00f3n y control durar\u00e1 hasta que el gobierno considere que ha terminado la emergencia sanitaria, hasta que derrotemos definitivamente al virus\u201c, expresaron las autoridades sanitarias.<\/p>\n<p>\u201cSin vacuna o tratamiento, el virus sigue siendo una amenaza. No podemos pensar que el peligro ha pasado\u201d, indicaron desde el Gobierno que ante la posibilidad de un rebrote, decidieron extender hasta dicha instancia esta forma de prevenci\u00f3n. T\u00e9cnicamente, el uso del tapabocas ser\u00e1 obligatorio en caso de que el distanciamiento entre personas sea menor a 1,5 metros, pero a mayor distancia, ya no ser\u00e1 obligatorio su uso.<\/p>\n<p>&nbsp;<\/p>\n<p><strong>Escuelas en Italia<\/strong><\/p>\n<p>El pa\u00eds que supo ser el epicentro del coronavirus a nivel mundial luego de su nacimiento en China, ahora analiza c\u00f3mo retornar a las escuelas desde el mes de septiembre. Para ello, el Parlamento en Italia present\u00f3 varias propuesta, entre ellas, concurrir a clases pero al aire libre, el dictado en parques o instalaciones deportivas, y una modificaci\u00f3n del modelo did\u00e1ctico establecido hasta antes de la pandemia.<\/p>\n<p>En audiencias entre los dirigentes y un grupo de casi veinte expertos, las principales ideas se centraron en la idea de \u201creorganizar actividades did\u00e1cticas, previendo desarrollarlas en los espacios externos de las escuelas como los parques, instalaciones deportivas o espacios culturales. Tambi\u00e9n, reducir el n\u00famero de alumnos por clases, as\u00ed como estrechar alianzas con comunidades culturales y educativas de cualquier ciudad\u201d.<\/p>\n","protected":false},"excerpt":{"rendered":"<p>Pese a que de a poco van dejando atr\u00e1s lo peor de la pandemia del coronavirus, el gobierno espa\u00f1ol aprob\u00f3 un decreto para \u201cconvivir\u201d con el coronavirus hasta que exista una vacuna o un tratamiento, y hasta esa fecha ser\u00e1 obligatorio el uso de mascarillas o tapabocas. Seg\u00fan el Ministro de Salud local, \u201cla ciudadan\u00eda deber\u00e1 aprender a convivir con el virus hasta ese momento\u201d &nbsp; Seg\u00fan las autoridades, cita ANSA, la nueva etapa tendr\u00e1 inicio el 21 de junio, fecha en que vencer\u00e1 el estado de alarma que fue&#8230;<\/p>\n","protected":false},"author":3,"featured_media":62781,"comment_status":"closed","ping_status":"closed","sticky":false,"template":"","format":"standard","meta":[],"categories":[4],"tags":[],"_links":{"self":[{"href":"https:\/\/www.actualidadadiario.com\/index.php\/wp-json\/wp\/v2\/posts\/62780"}],"collection":[{"href":"https:\/\/www.actualidadadiario.com\/index.php\/wp-json\/wp\/v2\/posts"}],"about":[{"href":"https:\/\/www.actualidadadiario.com\/index.php\/wp-json\/wp\/v2\/types\/post"}],"author":[{"embeddable":true,"href":"https:\/\/www.actualidadadiario.com\/index.php\/wp-json\/wp\/v2\/users\/3"}],"replies":[{"embeddable":true,"href":"https:\/\/www.actualidadadiario.com\/index.php\/wp-json\/wp\/v2\/comments?post=62780"}],"version-history":[{"count":1,"href":"https:\/\/www.actualidadadiario.com\/index.php\/wp-json\/wp\/v2\/posts\/62780\/revisions"}],"predecessor-version":[{"id":62782,"href":"https:\/\/www.actualidadadiario.com\/index.php\/wp-json\/wp\/v2\/posts\/62780\/revisions\/62782"}],"wp:featuredmedia":[{"embeddable":true,"href":"https:\/\/www.actualidadadiario.com\/index.php\/wp-json\/wp\/v2\/media\/62781"}],"wp:attachment":[{"href":"https:\/\/www.actualidadadiario.com\/index.php\/wp-json\/wp\/v2\/media?parent=62780"}],"wp:term":[{"taxonomy":"category","embeddable":true,"href":"https:\/\/www.actualidadadiario.com\/index.php\/wp-json\/wp\/v2\/categories?post=62780"},{"taxonomy":"post_tag","embeddable":true,"href":"https:\/\/www.actualidadadiario.com\/index.php\/wp-json\/wp\/v2\/tags?post=62780"}],"curies":[{"name":"wp","href":"https:\/\/api.w.org\/{rel}","templated":true}]}}