{"id":62777,"date":"2020-06-10T13:16:07","date_gmt":"2020-06-10T16:16:07","guid":{"rendered":"https:\/\/www.actualidadadiario.com\/?p=62777"},"modified":"2020-06-10T13:16:07","modified_gmt":"2020-06-10T16:16:07","slug":"el-funeral-de-floyd-paralizo-a-ee-uu-y-amplifico-el-reclamo-contra-el-racismo","status":"publish","type":"post","link":"https:\/\/www.actualidadadiario.com\/index.php\/2020\/06\/10\/el-funeral-de-floyd-paralizo-a-ee-uu-y-amplifico-el-reclamo-contra-el-racismo\/","title":{"rendered":"El funeral de Floyd paraliz\u00f3 a EE.UU. y amplific\u00f3 el reclamo contra el racismo"},"content":{"rendered":"<p style=\"text-align: center;\"><em><strong>La Bolsa de Nueva York interrumpi\u00f3 sus operaciones en homenaje a la v\u00edctima por 8 minutos 46 segundos, el tiempo que el polic\u00eda blanco estuvo aplastando su cuello hasta que muri\u00f3 por asfixia<\/strong><\/em><\/p>\n<p>&nbsp;<\/p>\n<p>&nbsp;<\/p>\n<p>George Floyd, el ciudadano afroestadounidense cuya muerte a manos de un polic\u00eda blanco gener\u00f3 protestas contra la brutalidad policial y el racismo en Estados Unidos y en todo el mundo, fue despedido ayer en un funeral en Houston, marcado por los encendidos discursos pol\u00edticos y la m\u00fasica gospel.<\/p>\n<p>Pol\u00edticos, activistas por los derechos civiles, deportistas y actores acudieron a la iglesia de Fountain Praise para la \u00faltima ceremonia p\u00fablica de despedida de Floyd, apodado cari\u00f1osamente como \u201cel gigante bueno\u201d, cuya muerte a los 46 a\u00f1os desat\u00f3 las movilizaciones m\u00e1s importantes en Estados Unidos desde el asesinato de Martin Luther King Jr. en 1968.<\/p>\n<p>El reverendo Al Sharpton, un activista por los derechos civiles, pronunci\u00f3 el discurso principal de la ceremonia, en el que acus\u00f3 al presidente de Estados Unidos, Donald Trump, de indiferencia frente a la muerte de Floyd, que calific\u00f3 como \u201cla piedra angular de un movimiento que va a cambiar el mundo\u201d.<\/p>\n<p>Sharpton invit\u00f3 a ponerse de pie a las familias de otros estadounidenses negros muertos en casos de brutalidad policial presentes en el templo y recit\u00f3 los nombres de Eric Garner, Botham Jean y Michael Brown, entre otros, como ejemplos de un problema institucional que sufre el pa\u00eds.<\/p>\n<p>\u201cHasta que se sepa que el precio de la vida de un negro es el mismo que la de un blanco vamos a volver a vivir estas situaciones una y otra vez\u201d, afirm\u00f3 el reverendo, que durante su discurso hizo alusi\u00f3n en varias ocasiones a la \u201cmaldad en altas esferas\u201d, en referencia a Trump.<\/p>\n<p>El candidato a la Casa Blanca de los dem\u00f3cratas, Joe Biden, particip\u00f3 en la ceremonia con un mensaje grabado desde su casa, donde est\u00e1 recluido por las medidas de confinamiento contra el coronavirus. \u201cLleg\u00f3 el momento de justicia racial\u201d, afirm\u00f3.<\/p>\n<p>\u201cNing\u00fan ni\u00f1o deber\u00eda plantear las preguntas que tantos ni\u00f1os negros han tenido que preguntarse por generaciones: \u2018\u00bfPor qu\u00e9, por qu\u00e9 se fue pap\u00e1?\u2019\u201d, dijo el exvicepresidente de Barack Obama.<\/p>\n<p>La familia de Floyd, que decidi\u00f3 vestir de blanco para la ceremonia, record\u00f3 su car\u00e1cter amable.<\/p>\n<p>Despu\u00e9s de que los \u00faltimos minutos de la vida de Floyd fueran grabados en un video en el que clamaba \u201cNo puedo respirar\u201d, su sobrina Brooke dijo a la audiencia: \u201cYo puedo respirar y mientras tenga aliento, va a haber justicia\u201d.<\/p>\n<p>El pastor William Lawson tambi\u00e9n carg\u00f3 contra Trump durante el serm\u00f3n.<\/p>\n<p>\u201cLo primero que tenemos que hacer es limpiar la Casa Blanca\u201d, afirm\u00f3. \u201cEso significa que tenemos que ir a votar\u201d, dijo Lawson cuando faltan cinco meses para las elecciones presidenciales en las que Trump busca la reelecci\u00f3n.<\/p>\n<p>El aforo fue limitado a 500 personas para permitir un mayor distanciamiento debido al coronavirus, despu\u00e9s de que el lunes cerca de 6.000 personas se acercaran al velatorio.<\/p>\n<p>Despu\u00e9s de la ceremonia, los restos de Floyd fueron trasladados hasta un cementerio en el sur de Houston donde ser\u00e1 enterrado junto a su madre.<\/p>\n<p>\u201cDiste una buena pelea, ahora anda a ver a mam\u00e1\u201d, concluy\u00f3 el reverendo Sharpton.<\/p>\n<p>Durante la ceremonia, el alcalde de Houston, Sylvester Turner, prometi\u00f3 prohibir la inmovilizaci\u00f3n por asfixia a los polic\u00edas.<\/p>\n<p>Por otra parte, los dos principales mercados burs\u00e1tiles de Estados Unidos, la Bolsa de Nueva York y el Nasdaq, pausaron su actividad durante 8 minutos 46 segundos para honrar la memoria de Floyd.<\/p>\n<p>La duraci\u00f3n del homenaje se corresponde con el tiempo exacto durante el cual Derek Chauvin, el agente de Polic\u00eda imputado por el asesinato de Floyd, estuvo aplastando su cuello con la rodilla.<\/p>\n<p>El lunes los legisladores dem\u00f3cratas anunciaron una serie de medidas para reformar la polic\u00eda y hacer frente a una letan\u00eda de casos de hombres negros que, estando desarmados, murieron a manos de la polic\u00eda durante su arresto.<\/p>\n<p>Este anuncio se produjo despu\u00e9s de que el fin de semana las autoridades de Minneapolis anunciaran que iban a desmantelar y a refundar la Polic\u00eda.<\/p>\n<p>El proyecto de ley introducido por los dem\u00f3cratas en ambas c\u00e1maras busca que sea m\u00e1s f\u00e1cil procesar a polic\u00edas acusados de abusos -prohibiendo algunas pr\u00e1cticas como colocar la rodilla en el cuello de un detenido-, replanteando tambi\u00e9n el proceso de reclutamiento y entrenamiento de los agentes.<\/p>\n<p>Sin embargo, no est\u00e1 claro el apoyo a un proyecto de este tipo en el Senado -dominado por los republicanos- y tampoco c\u00f3mo lo recibir\u00eda Trump, que debe sancionar la ley.<\/p>\n<p>En ese marco, una decena de bases del Ej\u00e9rcito de Estados Unidos nombradas en honor a generales que combatieron con el sur proesclavista durante la Guerra Civil podr\u00edan cambiar de nombre.<\/p>\n","protected":false},"excerpt":{"rendered":"<p>La Bolsa de Nueva York interrumpi\u00f3 sus operaciones en homenaje a la v\u00edctima por 8 minutos 46 segundos, el tiempo que el polic\u00eda blanco estuvo aplastando su cuello hasta que muri\u00f3 por asfixia &nbsp; &nbsp; George Floyd, el ciudadano afroestadounidense cuya muerte a manos de un polic\u00eda blanco gener\u00f3 protestas contra la brutalidad policial y el racismo en Estados Unidos y en todo el mundo, fue despedido ayer en un funeral en Houston, marcado por los encendidos discursos pol\u00edticos y la m\u00fasica gospel. Pol\u00edticos, activistas por los derechos civiles, deportistas&#8230;<\/p>\n","protected":false},"author":3,"featured_media":62778,"comment_status":"closed","ping_status":"closed","sticky":false,"template":"","format":"standard","meta":[],"categories":[4],"tags":[],"_links":{"self":[{"href":"https:\/\/www.actualidadadiario.com\/index.php\/wp-json\/wp\/v2\/posts\/62777"}],"collection":[{"href":"https:\/\/www.actualidadadiario.com\/index.php\/wp-json\/wp\/v2\/posts"}],"about":[{"href":"https:\/\/www.actualidadadiario.com\/index.php\/wp-json\/wp\/v2\/types\/post"}],"author":[{"embeddable":true,"href":"https:\/\/www.actualidadadiario.com\/index.php\/wp-json\/wp\/v2\/users\/3"}],"replies":[{"embeddable":true,"href":"https:\/\/www.actualidadadiario.com\/index.php\/wp-json\/wp\/v2\/comments?post=62777"}],"version-history":[{"count":1,"href":"https:\/\/www.actualidadadiario.com\/index.php\/wp-json\/wp\/v2\/posts\/62777\/revisions"}],"predecessor-version":[{"id":62779,"href":"https:\/\/www.actualidadadiario.com\/index.php\/wp-json\/wp\/v2\/posts\/62777\/revisions\/62779"}],"wp:featuredmedia":[{"embeddable":true,"href":"https:\/\/www.actualidadadiario.com\/index.php\/wp-json\/wp\/v2\/media\/62778"}],"wp:attachment":[{"href":"https:\/\/www.actualidadadiario.com\/index.php\/wp-json\/wp\/v2\/media?parent=62777"}],"wp:term":[{"taxonomy":"category","embeddable":true,"href":"https:\/\/www.actualidadadiario.com\/index.php\/wp-json\/wp\/v2\/categories?post=62777"},{"taxonomy":"post_tag","embeddable":true,"href":"https:\/\/www.actualidadadiario.com\/index.php\/wp-json\/wp\/v2\/tags?post=62777"}],"curies":[{"name":"wp","href":"https:\/\/api.w.org\/{rel}","templated":true}]}}