{"id":62768,"date":"2020-06-10T13:13:07","date_gmt":"2020-06-10T16:13:07","guid":{"rendered":"https:\/\/www.actualidadadiario.com\/?p=62768"},"modified":"2020-06-10T13:13:07","modified_gmt":"2020-06-10T16:13:07","slug":"santiago-cafiero-reune-al-gabinete-para-definir-la-agenda-post-pandemia","status":"publish","type":"post","link":"https:\/\/www.actualidadadiario.com\/index.php\/2020\/06\/10\/santiago-cafiero-reune-al-gabinete-para-definir-la-agenda-post-pandemia\/","title":{"rendered":"Santiago Cafiero re\u00fane al Gabinete para definir la &#8220;agenda post pandemia&#8221;"},"content":{"rendered":"<p style=\"text-align: center;\"><em><strong>Tras la estatizaci\u00f3n de Vicentin, el Gobierno extendi\u00f3 la doble indemnizaci\u00f3n hasta fin de a\u00f1o. Planean mantener el congelamiento de tarifas y cambios en el ATP<\/strong><\/em><\/p>\n<p>&nbsp;<\/p>\n<p>&nbsp;<\/p>\n<p>Con la nueva etapa de extensi\u00f3n de la cuarentena en marcha, hasta el 21 de junio, y en medio de las cr\u00edticas por la estatizaci\u00f3n de Vicentin, el Gobierno nacional intenta armar una agenda &#8220;post pandemia&#8221; con medidas econ\u00f3micas. Si bien se anunci\u00f3 la pr\u00f3rroga de la doble indemnizaci\u00f3n por despidos hasta fin de a\u00f1o, el Poder Ejecutivo volvi\u00f3 a descartar ayudas a las empresas para el pago de aguinaldo, aunque se espera un nuevo congelamiento de tarifas para el transporte p\u00fablico.<\/p>\n<p>Para definir los pasos a seguir, el jefe de Gabinete, Santiago Cafiero, encabezar\u00e1 este mi\u00e9rcoles a las 10 una reuni\u00f3n en Casa Rosada con los ministros de Econom\u00eda, Mart\u00edn Guzm\u00e1n; de Producci\u00f3n, Mat\u00edas Kulfas; y de Trabajo, Claudio Moroni. Seg\u00fan public\u00f3 Noticias Argentinas, los funcionarios buscar\u00e1n centrarse en la extensi\u00f3n &#8220;por 120 d\u00edas&#8221; del congelamiento de las tarifas del transporte p\u00fablico&#8221; y la &#8220;pr\u00f3rroga del ATP&#8221;, que ya se pag\u00f3 en abril y mayo.<\/p>\n<p>Seg\u00fan adelantaron, la pr\u00f3rroga del congelamiento de las tarifas se realizar\u00e1 &#8220;provincia a provincia&#8221;, con el prop\u00f3sito de &#8220;mostrar la intenci\u00f3n de mejorar lo federal&#8221;, incluso ya firmaron &#8220;la ampliaci\u00f3n de la asistencia econ\u00f3mica&#8221;, a trav\u00e9s del fondo compensador, las provincias de Catamarca, San Juan, La Rioja, Tucum\u00e1n y R\u00edo Negro.<\/p>\n<p>En la previa a la reuni\u00f3n, este martes por la noche se conoci\u00f3 la pr\u00f3rroga por 180 d\u00edas de la doble indemnizaci\u00f3n para aquellos trabajadores que sean despedidos sin justa causa, al recodar que &#8220;la crisis econ\u00f3mica en la que se encontraba el pa\u00eds se vio agravada por el brote del nuevo coronavirus, que diera lugar a la declaraci\u00f3n de pandemia por parte de la Organizaci\u00f3n Mundial de la Salud (OMS)&#8221;.<\/p>\n<p>La medida hab\u00eda sido anunciada por Alberto Fern\u00e1ndez en diciembre pasado, cuyo plazo venc\u00eda en junio, para evitar despidos en los primeros meses de su mandato mientras la econom\u00eda se acomodaba. Sin embargo, la aparici\u00f3n del coronavirus provoc\u00f3 que el Gobierno la renovara por otros 180 d\u00edas, por lo que la disposici\u00f3n durar\u00e1 hasta fin de este a\u00f1o.<\/p>\n<p>Por otro lado, desde Casa Rosada reiteraron que el Ejecutivo &#8220;no tiene previsto realizar una ayuda para que las empresas paguen los aguinaldos&#8221;. Adem\u00e1s, Kulfas reconoci\u00f3 que el Gobierno analiza que el ATP deje de ser un subsidio y pase a ser un pr\u00e9stamo.<\/p>\n<p>&#8220;En la medida en que se retome la normalidad las empresas van a seguir necesitando apoyo pero tal vez para algunas ser\u00e1 menor porque volver a abrir las puertas no significa que vuelvan a tener el mismo nivel de actividad que antes de la pandemia, entonces esta es una posibilidad&#8221;, asegur\u00f3 el ministro al respecto.<\/p>\n<p>Para la reuni\u00f3n de este mi\u00e9rcoles tambi\u00e9n se espera la presencia de la titular de la ANSES, Mar\u00eda Fernanda Raverta; el Secretario de Asuntos Estrat\u00e9gicos de la Presidencia, Gustavo B\u00e9liz; la titular de la AFIP, Mercedes Marc\u00f3 del Pont; la vicejefa de Gabinete, Cecilia Todesca Bocco; y el presidente del Banco Central, Miguel Pesce.<\/p>\n","protected":false},"excerpt":{"rendered":"<p>Tras la estatizaci\u00f3n de Vicentin, el Gobierno extendi\u00f3 la doble indemnizaci\u00f3n hasta fin de a\u00f1o. Planean mantener el congelamiento de tarifas y cambios en el ATP &nbsp; &nbsp; Con la nueva etapa de extensi\u00f3n de la cuarentena en marcha, hasta el 21 de junio, y en medio de las cr\u00edticas por la estatizaci\u00f3n de Vicentin, el Gobierno nacional intenta armar una agenda &#8220;post pandemia&#8221; con medidas econ\u00f3micas. Si bien se anunci\u00f3 la pr\u00f3rroga de la doble indemnizaci\u00f3n por despidos hasta fin de a\u00f1o, el Poder Ejecutivo volvi\u00f3 a descartar ayudas&#8230;<\/p>\n","protected":false},"author":3,"featured_media":62769,"comment_status":"closed","ping_status":"closed","sticky":false,"template":"","format":"standard","meta":[],"categories":[18],"tags":[],"_links":{"self":[{"href":"https:\/\/www.actualidadadiario.com\/index.php\/wp-json\/wp\/v2\/posts\/62768"}],"collection":[{"href":"https:\/\/www.actualidadadiario.com\/index.php\/wp-json\/wp\/v2\/posts"}],"about":[{"href":"https:\/\/www.actualidadadiario.com\/index.php\/wp-json\/wp\/v2\/types\/post"}],"author":[{"embeddable":true,"href":"https:\/\/www.actualidadadiario.com\/index.php\/wp-json\/wp\/v2\/users\/3"}],"replies":[{"embeddable":true,"href":"https:\/\/www.actualidadadiario.com\/index.php\/wp-json\/wp\/v2\/comments?post=62768"}],"version-history":[{"count":1,"href":"https:\/\/www.actualidadadiario.com\/index.php\/wp-json\/wp\/v2\/posts\/62768\/revisions"}],"predecessor-version":[{"id":62770,"href":"https:\/\/www.actualidadadiario.com\/index.php\/wp-json\/wp\/v2\/posts\/62768\/revisions\/62770"}],"wp:featuredmedia":[{"embeddable":true,"href":"https:\/\/www.actualidadadiario.com\/index.php\/wp-json\/wp\/v2\/media\/62769"}],"wp:attachment":[{"href":"https:\/\/www.actualidadadiario.com\/index.php\/wp-json\/wp\/v2\/media?parent=62768"}],"wp:term":[{"taxonomy":"category","embeddable":true,"href":"https:\/\/www.actualidadadiario.com\/index.php\/wp-json\/wp\/v2\/categories?post=62768"},{"taxonomy":"post_tag","embeddable":true,"href":"https:\/\/www.actualidadadiario.com\/index.php\/wp-json\/wp\/v2\/tags?post=62768"}],"curies":[{"name":"wp","href":"https:\/\/api.w.org\/{rel}","templated":true}]}}