{"id":62765,"date":"2020-06-10T13:12:10","date_gmt":"2020-06-10T16:12:10","guid":{"rendered":"https:\/\/www.actualidadadiario.com\/?p=62765"},"modified":"2020-06-10T13:12:10","modified_gmt":"2020-06-10T16:12:10","slug":"espionaje-ilegal-gobierno-designara-un-interventor-en-el-servicio-penitenciario-federal","status":"publish","type":"post","link":"https:\/\/www.actualidadadiario.com\/index.php\/2020\/06\/10\/espionaje-ilegal-gobierno-designara-un-interventor-en-el-servicio-penitenciario-federal\/","title":{"rendered":"Espionaje ilegal: Gobierno designar\u00e1 un interventor en el Servicio Penitenciario Federal"},"content":{"rendered":"<p style=\"text-align: center;\"><em><strong>El presidente Alberto Fern\u00e1ndez anticip\u00f3 la medida a ra\u00edz de las escuchas a los abogados y visitas de presos en el penal de Ezeiza. &#8220;Espero que la Justicia haga lo que tenga que hacer&#8221;, dijo sobre la causa de espionaje ilegal<\/strong><\/em><\/p>\n<p>&nbsp;<\/p>\n<p>&nbsp;<\/p>\n<p>El presidente Alberto Fern\u00e1ndez anticip\u00f3 en di\u00e1logo con Radio 10 que el Gobierno intervendr\u00e1 el Servicio Penitenciario Federal, en el marco de la causa por espionaje ilegal durante la gesti\u00f3n del macrismo, que investiga escuchas y seguimientos de Inteligencia a dirigentes pol\u00edticos de todos los sectores y a familiares y abogados de quienes estuvieron presos por casos vinculados al \u00e1mbito pol\u00edtico.<\/p>\n<p>\u201cEspero que la Justicia haga lo que tenga que hacer\u201d, dijo el Presidente sobre la causa de espionaje ilegal que se lleva adelante en los tribunales de Lomas de Zamora.<\/p>\n<p>En esa causa est\u00e1n afectados como v\u00edctimas del espionaje ilegal dirigentes como la actual vicepresidente Cristina Fern\u00e1ndez de Kirchner, y el jefe de Gobierno porte\u00f1o Horacio Rodr\u00edguez Larreta.<\/p>\n","protected":false},"excerpt":{"rendered":"<p>El presidente Alberto Fern\u00e1ndez anticip\u00f3 la medida a ra\u00edz de las escuchas a los abogados y visitas de presos en el penal de Ezeiza. &#8220;Espero que la Justicia haga lo que tenga que hacer&#8221;, dijo sobre la causa de espionaje ilegal &nbsp; &nbsp; El presidente Alberto Fern\u00e1ndez anticip\u00f3 en di\u00e1logo con Radio 10 que el Gobierno intervendr\u00e1 el Servicio Penitenciario Federal, en el marco de la causa por espionaje ilegal durante la gesti\u00f3n del macrismo, que investiga escuchas y seguimientos de Inteligencia a dirigentes pol\u00edticos de todos los sectores y&#8230;<\/p>\n","protected":false},"author":3,"featured_media":62766,"comment_status":"closed","ping_status":"closed","sticky":false,"template":"","format":"standard","meta":[],"categories":[18],"tags":[],"_links":{"self":[{"href":"https:\/\/www.actualidadadiario.com\/index.php\/wp-json\/wp\/v2\/posts\/62765"}],"collection":[{"href":"https:\/\/www.actualidadadiario.com\/index.php\/wp-json\/wp\/v2\/posts"}],"about":[{"href":"https:\/\/www.actualidadadiario.com\/index.php\/wp-json\/wp\/v2\/types\/post"}],"author":[{"embeddable":true,"href":"https:\/\/www.actualidadadiario.com\/index.php\/wp-json\/wp\/v2\/users\/3"}],"replies":[{"embeddable":true,"href":"https:\/\/www.actualidadadiario.com\/index.php\/wp-json\/wp\/v2\/comments?post=62765"}],"version-history":[{"count":1,"href":"https:\/\/www.actualidadadiario.com\/index.php\/wp-json\/wp\/v2\/posts\/62765\/revisions"}],"predecessor-version":[{"id":62767,"href":"https:\/\/www.actualidadadiario.com\/index.php\/wp-json\/wp\/v2\/posts\/62765\/revisions\/62767"}],"wp:featuredmedia":[{"embeddable":true,"href":"https:\/\/www.actualidadadiario.com\/index.php\/wp-json\/wp\/v2\/media\/62766"}],"wp:attachment":[{"href":"https:\/\/www.actualidadadiario.com\/index.php\/wp-json\/wp\/v2\/media?parent=62765"}],"wp:term":[{"taxonomy":"category","embeddable":true,"href":"https:\/\/www.actualidadadiario.com\/index.php\/wp-json\/wp\/v2\/categories?post=62765"},{"taxonomy":"post_tag","embeddable":true,"href":"https:\/\/www.actualidadadiario.com\/index.php\/wp-json\/wp\/v2\/tags?post=62765"}],"curies":[{"name":"wp","href":"https:\/\/api.w.org\/{rel}","templated":true}]}}