{"id":62757,"date":"2020-06-10T13:09:25","date_gmt":"2020-06-10T16:09:25","guid":{"rendered":"https:\/\/www.actualidadadiario.com\/?p=62757"},"modified":"2020-06-10T13:09:25","modified_gmt":"2020-06-10T16:09:25","slug":"naciones-unidas-comprometio-su-apoyo-al-consejo-economico-y-social-que-propuso-el-presidente","status":"publish","type":"post","link":"https:\/\/www.actualidadadiario.com\/index.php\/2020\/06\/10\/naciones-unidas-comprometio-su-apoyo-al-consejo-economico-y-social-que-propuso-el-presidente\/","title":{"rendered":"Naciones Unidas comprometi\u00f3 su apoyo al Consejo Econ\u00f3mico y Social que propuso el Presidente"},"content":{"rendered":"<p style=\"text-align: center;\"><em><strong>Alberto Fern\u00e1ndez se reuni\u00f3 en Olivos con altos representantes del organismo que trabajan en el pa\u00eds. &#8220;Su opini\u00f3n es bienvenida y va a ser un gran aporte para su constituci\u00f3n\u201c, les expres\u00f3 el mandatario<\/strong><\/em><\/p>\n<p>&nbsp;<\/p>\n<p>&nbsp;<\/p>\n<p>El presidente Alberto Fern\u00e1ndez recibi\u00f3 un &#8220;fuerte apoyo&#8221; de las Naciones Unidas a su propuesta de conformar un Consejo Econ\u00f3mico y Social, que plantear\u00e1 las pol\u00edticas de desarrollo y crecimiento del pa\u00eds.<\/p>\n<p>Fern\u00e1ndez se reuni\u00f3 este martes en la residencia de Olivos con altos representantes de Naciones Unidas que trabajan en el pa\u00eds, quienes le manifestaron un &#8220;fuerte apoyo a su propuesta de formaci\u00f3n del Consejo Econ\u00f3mico y Social para el Desarrollo Argentino como instancia participativa y din\u00e1mica de intercambio entre los diversos sectores de la sociedad&#8221;, informaron fuentes oficiales.<\/p>\n<p>\u201cEstamos en condiciones de poner en marcha pr\u00f3ximamente este Consejo Econ\u00f3mico y Social. Su opini\u00f3n es bienvenida y va a ser un gran aporte para su constituci\u00f3n\u201c, les expres\u00f3 el mandatario a los representantes.<\/p>\n<p>Participaron del encuentro el coordinador residente de las Naciones Unidas en Argentina, Roberto Valent; el director de la Oficina de la Organizaci\u00f3n Internacional del Trabajo (OIT) en el pa\u00eds, Pedro Furtado de Oliveira; y el representante local del Programa de las Naciones Unidas para el Desarrollo (PNUD), Ren\u00e9 Mauricio Vald\u00e9s.<\/p>\n<p>Tambi\u00e9n estuvieron el director de la Comisi\u00f3n Econ\u00f3mica para Am\u00e9rica Latina y el Caribe (CEPAL), Mart\u00edn Abeles; mientras que el subsecretario general de la ONU y director regional del PNUD, Luis Felipe L\u00f3pez Calva, estuvo presente mediante videoconferencia.<\/p>\n<p>Fern\u00e1ndez les &#8220;agradeci\u00f3 la contribuci\u00f3n que los organismos internacionales realizan para avanzar hacia un desarrollo sostenible e inclusivo y, en particular, su aporte al dise\u00f1o de pol\u00edticas p\u00fablicas para dar respuesta&#8221; a los efectos de la propagaci\u00f3n del coronavirus.<\/p>\n<p>En el encuentro, los funcionarios analizaron posibilidades de cooperaci\u00f3n sobre los principales desaf\u00edos para el desarrollo del pa\u00eds en un escenario de post-pandemia.<\/p>\n<p>Asimismo, el jefe de Estado les agradeci\u00f3 por la tarea que realizan desde hace a\u00f1os en el pa\u00eds y, en especial, su trabajo en el contexto de la pandemia del coronavirus.<\/p>\n<p>&#8220;El apoyo y las recomendaciones que estas agencias aportaron durante la crisis sanitaria colaboraron con el dise\u00f1o de la respuesta por parte del Estado&#8221;, destac\u00f3 Fern\u00e1ndez, quien estuvo acompa\u00f1ado por el secretario de Asuntos Estrat\u00e9gicos, Gustavo B\u00e9liz.<\/p>\n<p>Seg\u00fan las fuentes, la OIT, el PNUD, la CEPAL y la ONU &#8220;comprometieron todos sus esfuerzos, y su extensa experiencia pr\u00e1ctica y t\u00e9cnica a nivel regional y global, para asistir al Gobierno nacional en el dise\u00f1o de un plan estrat\u00e9gico, basado en propuestas innovadoras, que siente las bases para definir el rumbo de una Argentina sostenible, din\u00e1mica e inclusiva en un escenario post-pandemia&#8221;.<\/p>\n","protected":false},"excerpt":{"rendered":"<p>Alberto Fern\u00e1ndez se reuni\u00f3 en Olivos con altos representantes del organismo que trabajan en el pa\u00eds. &#8220;Su opini\u00f3n es bienvenida y va a ser un gran aporte para su constituci\u00f3n\u201c, les expres\u00f3 el mandatario &nbsp; &nbsp; El presidente Alberto Fern\u00e1ndez recibi\u00f3 un &#8220;fuerte apoyo&#8221; de las Naciones Unidas a su propuesta de conformar un Consejo Econ\u00f3mico y Social, que plantear\u00e1 las pol\u00edticas de desarrollo y crecimiento del pa\u00eds. Fern\u00e1ndez se reuni\u00f3 este martes en la residencia de Olivos con altos representantes de Naciones Unidas que trabajan en el pa\u00eds, quienes&#8230;<\/p>\n","protected":false},"author":3,"featured_media":62758,"comment_status":"closed","ping_status":"closed","sticky":false,"template":"","format":"standard","meta":[],"categories":[18],"tags":[],"_links":{"self":[{"href":"https:\/\/www.actualidadadiario.com\/index.php\/wp-json\/wp\/v2\/posts\/62757"}],"collection":[{"href":"https:\/\/www.actualidadadiario.com\/index.php\/wp-json\/wp\/v2\/posts"}],"about":[{"href":"https:\/\/www.actualidadadiario.com\/index.php\/wp-json\/wp\/v2\/types\/post"}],"author":[{"embeddable":true,"href":"https:\/\/www.actualidadadiario.com\/index.php\/wp-json\/wp\/v2\/users\/3"}],"replies":[{"embeddable":true,"href":"https:\/\/www.actualidadadiario.com\/index.php\/wp-json\/wp\/v2\/comments?post=62757"}],"version-history":[{"count":1,"href":"https:\/\/www.actualidadadiario.com\/index.php\/wp-json\/wp\/v2\/posts\/62757\/revisions"}],"predecessor-version":[{"id":62759,"href":"https:\/\/www.actualidadadiario.com\/index.php\/wp-json\/wp\/v2\/posts\/62757\/revisions\/62759"}],"wp:featuredmedia":[{"embeddable":true,"href":"https:\/\/www.actualidadadiario.com\/index.php\/wp-json\/wp\/v2\/media\/62758"}],"wp:attachment":[{"href":"https:\/\/www.actualidadadiario.com\/index.php\/wp-json\/wp\/v2\/media?parent=62757"}],"wp:term":[{"taxonomy":"category","embeddable":true,"href":"https:\/\/www.actualidadadiario.com\/index.php\/wp-json\/wp\/v2\/categories?post=62757"},{"taxonomy":"post_tag","embeddable":true,"href":"https:\/\/www.actualidadadiario.com\/index.php\/wp-json\/wp\/v2\/tags?post=62757"}],"curies":[{"name":"wp","href":"https:\/\/api.w.org\/{rel}","templated":true}]}}