{"id":62754,"date":"2020-06-10T13:08:22","date_gmt":"2020-06-10T16:08:22","guid":{"rendered":"https:\/\/www.actualidadadiario.com\/?p=62754"},"modified":"2020-06-10T13:08:22","modified_gmt":"2020-06-10T16:08:22","slug":"la-expropiacion-de-vicentin-depende-de-schiaretti-y-el-bloque-aliado-de-ramon","status":"publish","type":"post","link":"https:\/\/www.actualidadadiario.com\/index.php\/2020\/06\/10\/la-expropiacion-de-vicentin-depende-de-schiaretti-y-el-bloque-aliado-de-ramon\/","title":{"rendered":"La expropiaci\u00f3n de Vicentin depende de Schiaretti y el bloque aliado de Ram\u00f3n"},"content":{"rendered":"<p style=\"text-align: center;\"><em><strong>El Gobierno necesita 10 votos en Diputados y perdi\u00f3 a los de Lavagna. La influencia del mendocino y de los gobernadores de C\u00f3rdoba, R\u00edo Negro, Misiones y Neuqu\u00e9n. Denuncia penal de Cambiemos<\/strong><\/em><\/p>\n<p>&nbsp;<\/p>\n<p>&nbsp;<\/p>\n<p>En la noche del lunes lleg\u00f3 al Senado el proyecto de ley para expropiar la cerealera Vicentin y si bien a\u00fan no hay agenda para su tratamiento, en ese recinto no hay riesgos de que algo salga mal.<\/p>\n<p>No as\u00ed en Diputados, donde el rechazo de Roberto Lavagna ajust\u00f3 los n\u00fameros, aunque existe la chance de sancionar la ley sin sobresaltos con la ayuda de los 8 del bloque del mendocino Jos\u00e9 Luis Ram\u00f3n, el mendocino convertido en aliado clave de Sergio Massa; y el aporte de los gobernadores Juan Schiaretti (C\u00f3rdoba), Oscar Herrera Ahuad (Misiones), Omar Guti\u00e9rrez (Neuqu\u00e9n) y Arabela Carreras (R\u00edo Negro).<\/p>\n<p>Con 40 votos propios, 3 m\u00e1s que la mayor\u00eda simple; al Frente de Todos no deber\u00eda costarle mucho emitir dictamen y aprobar la ley en el Senado. Las comisiones a\u00fan no est\u00e1n convocadas, pero antes hay otro paso para dar en el que tambi\u00e9n es clave la C\u00e1mara alta: aprobar el decreto de intervenci\u00f3n a la empresa.<\/p>\n<p>Rigen desde su firma presidencial y s\u00f3lo pueden anularse si los dos recintos as\u00ed lo disponen y, hasta ahora, el protocolo de Alberto es que sean avalados s\u00f3lo por el Senado, donde no hay riesgos de perder.<\/p>\n<p>En Diputados los n\u00fameros est\u00e1n m\u00e1s finos aunque Sergio Massa y M\u00e1ximo Kirchner vienen de superar una prueba pesada: la sesi\u00f3n convocada por Cambiemos para derogar los superpoderes de Santiago Cafiero no tuvo qu\u00f3rum. Faltaron cinco votos y los gobernadores con partido propio hicieron su aporte para que la reuni\u00f3n fracase.<\/p>\n<p>El proyecto para expropiar Vicentin podr\u00eda tener n\u00fameros igual de ajustados, porque los 3 diputados que responden a Roberto Lavagna anunciaron que no acompa\u00f1ar\u00e1n, con un duro comunicado que le sigui\u00f3 un tuit del economista. S\u00f3lo se identificaron en esa postura Graciela Cama\u00f1o, Jorge Sarghini y Alejandro &#8220;Topo&#8221; Rodr\u00edguez, uno de los que ayud\u00f3 para que Cafiero tenga superpoderes.<\/p>\n<p>El bloque de Frente de Todos tiene 119 votos, a 10 del qu\u00f3rum propio, y para llegar sin sobresaltos son claves los 8 de Unidad Federal para el Desarrollo, el bloque que conduce Ram\u00f3n, quien lidera un partido local en Mendoza, Protectora, con el que fue candidato a gobernador el a\u00f1o pasado y qued\u00f3 lejos de radicales y peronistas.<\/p>\n<p>Su mandato vence el a\u00f1o que viene y puede necesitar un acuerdo con el PJ para reelegir. Su ayuda tiene matices pero se hace sentir. Por caso, se sent\u00f3 a rechazar los superpoderes, con proyecto propio y todo, pero, h\u00e1bil, evit\u00f3 que varios de sus dirigidos lo siguieran y la condici\u00f3n de aliados se cayera para siempre.<\/p>\n<p>Podr\u00edan haberse conectado Beatriz \u00c1vila, esposa del intendente de San Miguel de Tucum\u00e1n Germ\u00e1n Alfaro; y Antonio Carambia, hermano del intendente de Las Heras, Santa Cruz.\u00a0 Lo pens\u00f3 Pablo Ansaloni, del gremio de trabajadores rurales (UATRE), pero siempre estuvieron convencidos de desconectarse los tres misioneros y el rionegrino Luis Di Gi\u00e1como.<\/p>\n<p>En estas horas no se expresaron sobre la expropiaci\u00f3n de Vicentin pero quienes los frecuentan creen que entrar\u00e1 en los temarios de negociaciones con la Naci\u00f3n. Por caso, R\u00edo Negro necesita avales de la Naci\u00f3n para renegociar su deuda.<\/p>\n<p>Conocido el anuncio, Ram\u00f3n anticip\u00f3 que est\u00e1 cerca de apoyar. &#8220;Vicentin est\u00e1 en concurso, no puede sostenerse, y la inmensa mayor\u00eda de la deuda la tiene con el Banco Naci\u00f3n, no es menor&#8221;, escribi\u00f3.\u00a0 Si arrastrara a sus 8 a pulsar el bot\u00f3n verde, el Gobierno podr\u00eda alcanzar la mayor\u00eda simple con los propios, la neuquina Alma Sapag (Alberto visit\u00f3 a su gobernador el viernes y todo parece ir bien) y los 2 de izquierda, que en este caso acompa\u00f1ar\u00edan.<\/p>\n<p>Es de las medidas que piden siempre y as\u00ed lo dej\u00f3 claro Nicol\u00e1s del Ca\u00f1o. &#8220;Una empresa que estaf\u00f3 al estado gracias al gobierno de Macri. Tiene que ser expropiada sin pago y pasar a manos del Estado bajo gesti\u00f3n de sus trabajadores&#8221;, poste\u00f3, en respuesta a un reclamo de Federico Pinedo.<\/p>\n<p>As\u00ed las cosas, los federales podr\u00edan no ser necesarios para sancionar la ley, aunque no le vendr\u00edan mal a Massa y M\u00e1ximo para no transpirar tanto. El interbloque lo preside Eduardo &#8220;Bali&#8221; Bucca pero, por esas cosas de la burocracia parlamentaria, no integra consenso federal, el sello de Lavanga, a quien acompa\u00f1\u00f3 como candidato a gobernador en octubre.<\/p>\n<p>Junto al salte\u00f1o Andr\u00e9s Zottos son &#8220;Justicialistas&#8221; y por ahora ninguno habl\u00f3 de Vicentin como el tr\u00edo que s\u00ed dice representar al reciente candidato presidencial: Graciela Cama\u00f1o, Alejandro &#8220;Topo&#8221; Rodr\u00edguez y Jorge Sarghini, quien asumi\u00f3 por la renuncia del ministro de Desarrollo Social Daniel Arroyo. Pero ese dato no lo hizo oficialista.<\/p>\n<p>Los otros seis federales son alcanzables para el poroteo oficial. Est\u00e1n los dos socialistas, Enrique Est\u00e9vez y Luis Contigiani, ambos de Santa Fe, tierra de Vicentin. Y los cuatro de C\u00f3rdoba Federal, el bloque del gobernador Juan Schiaretti, cuya alianza parlamentaria con el Gobierno no se alter\u00f3 desde diciembre.<\/p>\n<p>Sus dirigidos votaron todo: la ley de emergencia, la negociaci\u00f3n por la deuda, la baja de jubilaciones a jueces y jubiladores, y no dieron qu\u00f3rum para derogar los superpoderes. Logr\u00f3, a cambio, un compromiso de financiar su siempre deficitaria caja jubilatoria, que de todos modos deber\u00eda reducir el rojo con la ambiciosa reforma sancionada en la madrugada cordobesa. Por ahora, Schiaretti no habl\u00f3 de Vicentin. Conf\u00edan en \u00e9l. Puede ser una ayuda importante.<\/p>\n<p>&nbsp;<\/p>\n<p><strong>Denuncia penal de Cambiemos<\/strong><\/p>\n<p>16 diputados de Cambiemos denunciaron penalmente a Alberto Fern\u00e1ndez y todo su Gabinete por supuesto delito de abuso de autoridad a partir del decreto que dispuso la intervenci\u00f3n de Vicentin, que a\u00fan debe tratarse en el Congreso.<\/p>\n<p>&#8220;Conforme la Constituci\u00f3n Nacional y la Ley de Quiebras 24.522, el Poder Ejecutivo Nacional carece de facultades para apropiarse de la gesti\u00f3n de una empresa privada, cualquiera sea el estado de su patrimonio y el alcance de sus deudas&#8221;, se\u00f1ala la denuncia, a la que accedi\u00f3 LPO.<\/p>\n<p>Agregan que el art\u00edculo 17 de la Constituci\u00f3n indica que &#8220;la propiedad privada es inviolable y nadie puede ser privado de ella sino en virtud de sentencia fundada en ley&#8221; y &#8220;proh\u00edbe al Congreso Nacional y a las legislaturas provinciales otorgar facultades extraordinarias por las cuales la fortuna de los argentinos quede a merced de persona o gobierno alguno&#8221;.<\/p>\n<p>&#8220;En consecuencia, si el Congreso no puede otorgar esas facultades, obviamente no puede atribu\u00edrselas el Poder Ejecutivo por un Decreto de Necesidad y Urgencia, dado que no puede ir m\u00e1s all\u00e1 de las atribuciones del Poder Legislativo y se estar\u00eda otorgando directamente las facultades prohibidas&#8221;, consideraron.<\/p>\n<p>&#8220;El art\u00edculo 75 inciso 12 de la Constituci\u00f3n Nacional dice que corresponde al Congreso Nacional dictar los c\u00f3digos de fondo y la ley de bancarrotas -quiebras-, de manera que no puede modificarse el procedimiento pertinente por un decreto del Poder Ejecutivo Nacional, a\u00fan dentro de los denominados de Necesidad y Urgencia&#8221;, agregan.<\/p>\n<p>Consideran que &#8220;no existen circunstancias que, en los t\u00e9rminos del art\u00edculo 99 inciso 3 de la Constituci\u00f3n Nacional, justifiquen la intromisi\u00f3n del Poder Ejecutivo en un procedimiento concursal, m\u00e1s que como parte, si tuviera un inter\u00e9s leg\u00edtimo&#8221;.<\/p>\n<p>Y que &#8220;el Poder Ejecutivo tiene vedada toda posibilidad de intervenci\u00f3n en el proceso de saneamiento o liquidaci\u00f3n de la empresa, que est\u00e1 en manos del juez del concurso. El tribunal del concurso debe velar por los derechos de los acreedores y el patrimonio de la empresa, de modo que una decisi\u00f3n pol\u00edtica de intervenirla, al margen de las decisiones del juez, adem\u00e1s de violar el l\u00edmite establecido en el art\u00edculo 109 de la Constituci\u00f3n Nacional, viola el debido proceso legal&#8221;.<\/p>\n<p>&#8220;La decisi\u00f3n del Poder Ejecutivo Nacional viola el sistema republicano de gobierno&#8221; porque &#8220;invade potestades propias de la competencia judicial de la provincia de Santa Fe, donde est\u00e1 radicado el proceso concursal&#8221;, concluyen.<\/p>\n<p>Lo firman los legisladores Federico Angelini, Waldo Wolff, Gisela Scaglia, Pablo Torello, \u00c1lvaro De Lamadrid, Luis Petri, Marcela Campagnoli, Jorge Enriquez, Jos\u00e9 Nu\u00f1ez, Gonzalo del Cerro, Ximena Garc\u00eda, Dina Rezinovsky, Lucila Leheman, Fernando Iglesias, Lidia Asc\u00e1rate y M\u00f3nica Frade.<\/p>\n","protected":false},"excerpt":{"rendered":"<p>El Gobierno necesita 10 votos en Diputados y perdi\u00f3 a los de Lavagna. La influencia del mendocino y de los gobernadores de C\u00f3rdoba, R\u00edo Negro, Misiones y Neuqu\u00e9n. Denuncia penal de Cambiemos &nbsp; &nbsp; En la noche del lunes lleg\u00f3 al Senado el proyecto de ley para expropiar la cerealera Vicentin y si bien a\u00fan no hay agenda para su tratamiento, en ese recinto no hay riesgos de que algo salga mal. No as\u00ed en Diputados, donde el rechazo de Roberto Lavagna ajust\u00f3 los n\u00fameros, aunque existe la chance de&#8230;<\/p>\n","protected":false},"author":3,"featured_media":62755,"comment_status":"closed","ping_status":"closed","sticky":false,"template":"","format":"standard","meta":[],"categories":[9],"tags":[],"_links":{"self":[{"href":"https:\/\/www.actualidadadiario.com\/index.php\/wp-json\/wp\/v2\/posts\/62754"}],"collection":[{"href":"https:\/\/www.actualidadadiario.com\/index.php\/wp-json\/wp\/v2\/posts"}],"about":[{"href":"https:\/\/www.actualidadadiario.com\/index.php\/wp-json\/wp\/v2\/types\/post"}],"author":[{"embeddable":true,"href":"https:\/\/www.actualidadadiario.com\/index.php\/wp-json\/wp\/v2\/users\/3"}],"replies":[{"embeddable":true,"href":"https:\/\/www.actualidadadiario.com\/index.php\/wp-json\/wp\/v2\/comments?post=62754"}],"version-history":[{"count":1,"href":"https:\/\/www.actualidadadiario.com\/index.php\/wp-json\/wp\/v2\/posts\/62754\/revisions"}],"predecessor-version":[{"id":62756,"href":"https:\/\/www.actualidadadiario.com\/index.php\/wp-json\/wp\/v2\/posts\/62754\/revisions\/62756"}],"wp:featuredmedia":[{"embeddable":true,"href":"https:\/\/www.actualidadadiario.com\/index.php\/wp-json\/wp\/v2\/media\/62755"}],"wp:attachment":[{"href":"https:\/\/www.actualidadadiario.com\/index.php\/wp-json\/wp\/v2\/media?parent=62754"}],"wp:term":[{"taxonomy":"category","embeddable":true,"href":"https:\/\/www.actualidadadiario.com\/index.php\/wp-json\/wp\/v2\/categories?post=62754"},{"taxonomy":"post_tag","embeddable":true,"href":"https:\/\/www.actualidadadiario.com\/index.php\/wp-json\/wp\/v2\/tags?post=62754"}],"curies":[{"name":"wp","href":"https:\/\/api.w.org\/{rel}","templated":true}]}}