{"id":62732,"date":"2020-06-10T12:59:41","date_gmt":"2020-06-10T15:59:41","guid":{"rendered":"https:\/\/www.actualidadadiario.com\/?p=62732"},"modified":"2020-06-10T13:21:19","modified_gmt":"2020-06-10T16:21:19","slug":"representantes-de-organizaciones-de-la-sociedad-civil-funcionarias-e-integrantes-del-poder-legislativo-mantuvieron-una-reunion-de-trabajo-con-la-vicegobernadora-laura-stratta-ministras-del-gabinete","status":"publish","type":"post","link":"https:\/\/www.actualidadadiario.com\/index.php\/2020\/06\/10\/representantes-de-organizaciones-de-la-sociedad-civil-funcionarias-e-integrantes-del-poder-legislativo-mantuvieron-una-reunion-de-trabajo-con-la-vicegobernadora-laura-stratta-ministras-del-gabinete\/","title":{"rendered":"Clases: avanza plan retorno, con foco en egresados de la secundaria"},"content":{"rendered":"<p style=\"text-align: center;\"><em><strong>El ministro de Educaci\u00f3n, Nicol\u00e1s Trotta, analiz\u00f3 esquema con provincias y universidades p\u00fablicas y privadas. Adem\u00e1s ratific\u00f3 que, &#8220;en agosto, 85% del pa\u00eds podr\u00eda volver a las escuelas de forma escalonada&#8221;. Buscan evitar que sea optativo<\/strong><\/em><\/p>\n<p>&nbsp;<\/p>\n<p>&nbsp;<\/p>\n<p>De la mano del desaf\u00edo que implica enfrentar los m\u00faltiples impactos de la pandemia, el Ministerio de Educaci\u00f3n nacional, las provincias y las universidades p\u00fablicas y privadas mantuvieron un encuentro este martes para avanzar en un calendario excepcional de inscripci\u00f3n a la educaci\u00f3n superior para los egresados del secundario 2020, que contempla una articulaci\u00f3n con el ciclo lectivo 2021.<\/p>\n<p>Con el foco puesto en evitar la deserci\u00f3n en el ingreso a las universidades, se pulir\u00e1 la planificaci\u00f3n de una pr\u00f3rroga en la presentaci\u00f3n de la documentaci\u00f3n que acredite la finalizaci\u00f3n de los estudios secundarios de los alumnos que hoy est\u00e9n cursando quinto o sexto a\u00f1o.<\/p>\n<p>En paralelo, desde la cartera de Educaci\u00f3n se prev\u00e9 adem\u00e1s el dise\u00f1o de \u201cun m\u00f3dulo espec\u00edfico\u201d para los estudiantes del \u00faltimo a\u00f1o del secundario, \u201cque asegure un cierre de los catorce a\u00f1os de educaci\u00f3n obligatoria\u201d.<\/p>\n<p>\u201cEs importante empezar a trabajar en un plan de todo el sistema educativo, con el compromiso y la flexibilidad necesaria para reforzar siempre la continuidad educativa, trabajar por la retenci\u00f3n de nuestros estudiantes y por generar todos los canales que permitan en este momento de enorme complejidad llevarle tranquilidad a los estudiantes del \u00faltimo a\u00f1o del secundario como tambi\u00e9n a las familias\u201d, remarc\u00f3 el ministro de Educaci\u00f3n nacional, Nicol\u00e1s Trotta, durante el encuentro virtual con el Comit\u00e9 Ejecutivo del Consejo Federal de Educaci\u00f3n (provincias), autoridades del Consejo Interuniversitario Nacional (CIN) y del Consejo de Rectores de Universidades Privadas (CRUP).<\/p>\n<p>\u201cDebemos generar un marco federal que permita planificar los distintos procesos de ingreso 2021 a los estudios superiores, teniendo en cuenta las particularidades y la diversidad de realidades acad\u00e9micas en cuanto a la organizaci\u00f3n interna de cada universidad\u201d, enfatiz\u00f3.<\/p>\n<p>Se trata de un nuevo paso en la senda franca hacia la reactivaci\u00f3n en agosto en buena parte del pa\u00eds de las clases presenciales, suspendidas el 16 de marzo por la pandemia.<\/p>\n<p>Es uno de los desaf\u00edos que se enfrenta Trotta, mientras avanza -de la mano de un equipo multidisciplinario, que incluye a las provincias y al Ministerio de Salud que comanda Gin\u00e9s Gonz\u00e1lez Garc\u00eda- en la letra chica de los protocolos que permitir\u00e1n el retorno a las clases presenciales.<\/p>\n<p>De mantenerse este escenario epidemiol\u00f3gico, ser\u00e1 ni bien terminen las vacaciones de invierno -exploran el 3 de agosto- en la mayor parte del pa\u00eds, conformada por dos distritos sin casos confirmados de Covid-19 y otros con baja circulaci\u00f3n viral o pacientes importados.<\/p>\n<p>Cuando se concrete ese regreso, involucrar\u00e1 a todos los niveles, grados y a\u00f1os, aunque bajo un formato marcado por la alternancia en los d\u00edas de asistencia, un n\u00famero reducido de alumnos por aula y medidas estrictas de higiene y distanciamiento. Y todo atado -casi en un trabajo de orfebre- a las dimensiones y caracter\u00edsticas de cada establecimiento escolar, y las potenciales exigencias adicionales que podr\u00e1 fijar cada gobernador, por encima del protocolo de base que brotar\u00e1 desde el Palacio Sarmiento.<\/p>\n<p>\u201cEn agosto un 85% del pa\u00eds podr\u00eda volver a las escuelas de forma escalonada\u201d, insisti\u00f3 este martes Trotta, en una definici\u00f3n que por el momento excluye a la Ciudad de Buenos Aires y al conurbano bonaerense, donde habr\u00e1 que esperar entre dos o tres semanas para evaluar el comportamiento de los contagios.<\/p>\n<p>Esa avanzada podr\u00eda tener un anticipo en algunas provincias, aunque en ese caso centrado en las escuelas rurales. Esta semana tienen una suerte de prueba piloto las de la Puna catamarque\u00f1a (que concluyen en rigor su per\u00edodo anual en el distrito que gobierna el justicialista Ra\u00fal Jalil), mientras que el radical juje\u00f1o Gerardo Morales pretende activar el pr\u00f3ximo martes -tras un anticipado receso invernal- una fase de apoyo escolar voluntario en escuelas rurales, que requiere a\u00fan de un aval nacional.<\/p>\n<p>Frente a ese escenario, Trotta hizo referencia este martes a otro tema delicado, dado el temor a los contagios que envuelve a familias y docentes: remarc\u00f3 que desde el Gobierno nacional buscan evitar que el retorno a las clases presenciales sea optativo.<\/p>\n<p>\u201cTerminar\u00eda profundizando la desigualdad, lo cual ser\u00eda un problema muy complejo de abordar el a\u00f1o pr\u00f3ximo\u201d, advirti\u00f3, adem\u00e1s de enfatizar que \u201ces fundamental el di\u00e1logo con las familias para que sea posible la vuelta de todas y todos los estudiantes\u201d. En el marco de ese di\u00e1logo que sostiene con padres, madres, estudiantes, directivos, docentes y gremios, el ministro admite que a\u00fan no est\u00e1n cerrados los consensos necesarios en la comunidad educativa.<\/p>\n","protected":false},"excerpt":{"rendered":"<p>El ministro de Educaci\u00f3n, Nicol\u00e1s Trotta, analiz\u00f3 esquema con provincias y universidades p\u00fablicas y privadas. Adem\u00e1s ratific\u00f3 que, &#8220;en agosto, 85% del pa\u00eds podr\u00eda volver a las escuelas de forma escalonada&#8221;. Buscan evitar que sea optativo &nbsp; &nbsp; De la mano del desaf\u00edo que implica enfrentar los m\u00faltiples impactos de la pandemia, el Ministerio de Educaci\u00f3n nacional, las provincias y las universidades p\u00fablicas y privadas mantuvieron un encuentro este martes para avanzar en un calendario excepcional de inscripci\u00f3n a la educaci\u00f3n superior para los egresados del secundario 2020, que contempla&#8230;<\/p>\n","protected":false},"author":3,"featured_media":62577,"comment_status":"closed","ping_status":"closed","sticky":false,"template":"","format":"standard","meta":[],"categories":[9],"tags":[],"_links":{"self":[{"href":"https:\/\/www.actualidadadiario.com\/index.php\/wp-json\/wp\/v2\/posts\/62732"}],"collection":[{"href":"https:\/\/www.actualidadadiario.com\/index.php\/wp-json\/wp\/v2\/posts"}],"about":[{"href":"https:\/\/www.actualidadadiario.com\/index.php\/wp-json\/wp\/v2\/types\/post"}],"author":[{"embeddable":true,"href":"https:\/\/www.actualidadadiario.com\/index.php\/wp-json\/wp\/v2\/users\/3"}],"replies":[{"embeddable":true,"href":"https:\/\/www.actualidadadiario.com\/index.php\/wp-json\/wp\/v2\/comments?post=62732"}],"version-history":[{"count":3,"href":"https:\/\/www.actualidadadiario.com\/index.php\/wp-json\/wp\/v2\/posts\/62732\/revisions"}],"predecessor-version":[{"id":62793,"href":"https:\/\/www.actualidadadiario.com\/index.php\/wp-json\/wp\/v2\/posts\/62732\/revisions\/62793"}],"wp:featuredmedia":[{"embeddable":true,"href":"https:\/\/www.actualidadadiario.com\/index.php\/wp-json\/wp\/v2\/media\/62577"}],"wp:attachment":[{"href":"https:\/\/www.actualidadadiario.com\/index.php\/wp-json\/wp\/v2\/media?parent=62732"}],"wp:term":[{"taxonomy":"category","embeddable":true,"href":"https:\/\/www.actualidadadiario.com\/index.php\/wp-json\/wp\/v2\/categories?post=62732"},{"taxonomy":"post_tag","embeddable":true,"href":"https:\/\/www.actualidadadiario.com\/index.php\/wp-json\/wp\/v2\/tags?post=62732"}],"curies":[{"name":"wp","href":"https:\/\/api.w.org\/{rel}","templated":true}]}}