{"id":62729,"date":"2020-06-10T12:58:53","date_gmt":"2020-06-10T15:58:53","guid":{"rendered":"https:\/\/www.actualidadadiario.com\/?p=62729"},"modified":"2020-06-10T12:58:53","modified_gmt":"2020-06-10T15:58:53","slug":"presentan-avances-para-un-nuevo-regimen-de-proteccion-asistencia-y-prevencion-de-la-violencia-por-razones-de-genero","status":"publish","type":"post","link":"https:\/\/www.actualidadadiario.com\/index.php\/2020\/06\/10\/presentan-avances-para-un-nuevo-regimen-de-proteccion-asistencia-y-prevencion-de-la-violencia-por-razones-de-genero\/","title":{"rendered":"Presentan avances para un nuevo R\u00e9gimen de Protecci\u00f3n, Asistencia y Prevenci\u00f3n de la Violencia por razones de G\u00e9nero"},"content":{"rendered":"<p style=\"text-align: center;\"><em><strong>Representantes de organizaciones de la sociedad civil, funcionarias e integrantes del Poder Legislativo mantuvieron una reuni\u00f3n de trabajo con la vicegobernadora Laura Stratta, ministras del gabinete y referente del Observatorio de G\u00e9nero y Derechos Humanos de la Vicegobernaci\u00f3n<\/strong><\/em><\/p>\n<p>&nbsp;<\/p>\n<p>La vicegobernadora Laura Stratta encabez\u00f3 este martes un encuentro de trabajo, bajo modalidad virtual, con las ministras del Gabinete provincial, referentes de organizaciones de la sociedad civil de Entre R\u00edos, funcionarias y legisladoras provinciales que presiden comisiones vinculadas a la tem\u00e1tica, en el que se presentaron los avances para un nuevo \u2018R\u00e9gimen de Protecci\u00f3n, Asistencia y Prevenci\u00f3n de la Violencia por razones de G\u00e9nero en Entre R\u00edos\u2019.<\/p>\n<p>En la apertura de lo que defini\u00f3 como una \u201cprimera reuni\u00f3n de trabajo\u201d, la Vicegobernadora explic\u00f3: \u201cPensamos en un nuevo r\u00e9gimen porque necesitamos cambiar el modo en que se aborda la violencia contra las mujeres; porque necesitamos establecer procedimientos propios para la provincia, y porque necesitamos contar con una ley que atienda las particularidades de nuestro territorio\u201d.<\/p>\n<p>\u201cHoy tambi\u00e9n estamos ac\u00e1 quienes tenemos responsabilidad institucional porque hay un contexto que nos interpela\u201d, sostuvo Stratta y, en este sentido, remarc\u00f3 \u201cla definici\u00f3n pol\u00edtica que ha tenido nuestro Gobernador de poder transitar este camino, de construir un Estado presente, promotor, activo y din\u00e1mico, y de un Estado que tenga la actitud de escuchar\u201d.<\/p>\n<p>\u201cY en este escuchar, empezamos a pensar en una ley que recoja lo que cada una desde sus territorios tiene para decirnos, pero tambi\u00e9n una ley que pueda dar respuestas a la violencia en la provincia de Entre R\u00edos\u201d, apunt\u00f3.<\/p>\n<p>Al mismo tiempo, destac\u00f3: \u201cHay un contexto que nos interpela, que permanentemente nos desaf\u00eda a que podamos revisar nuestras pr\u00e1cticas, a redefinir las pol\u00edticas p\u00fablicas pero tambi\u00e9n a poder revisar nuestras leyes\u201d \u2013 subray\u00f3 Stratta &#8211; y plante\u00f3 que \u201cen este devenir que tiene que ver con revisar nuestras leyes y poder dar respuestas a nuestro contexto, comenzamos a trabajar teniendo una mirada amplia, cr\u00edtica, emp\u00e1tica y una mirada de poder revisar lo que venimos haciendo como Estado, en el marco de los procedimientos que nos permitan reconocer cu\u00e1les son nuestras debilidades para poder cambiarlas, pero tambi\u00e9n para saber cu\u00e1les son nuestras fortalezas, para poder apoyarnos en ellas\u201d.<\/p>\n<p>La Vicegobernadora y presidenta del Senado, se refiri\u00f3 asimismo a cada una de las representantes de organizaciones de la sociedad civil que participaron del encuentro por videoconferencia, y las defini\u00f3 como \u201cpersonas que trabajan fuertemente en organizaciones de la comunidad con mucho esfuerzo, con mucho compromiso, que tienen diferentes caminos y ejes tem\u00e1ticos, pero una misma convicci\u00f3n, una misma lucha y tambi\u00e9n una misma vocaci\u00f3n de transformar la realidad que nos duele y que nos interpela\u201d<\/p>\n<p>\u201cEsta multiplicidad de miradas tambi\u00e9n es el reflejo de todos los lugares donde las mujeres estamos transitando y estamos protagonizando\u201d, dio cuenta Stratta y seguidamente las convoc\u00f3 a \u201cgenerar estrategias comunes para erradicar la violencia por razones de g\u00e9nero\u201d.<\/p>\n<p>Las ministras de Desarrollo Social, Marisa Paira; de Salud, Sonia Vel\u00e1zquez, y de Gobierno, Rosario Romero, coincidieron en la importancia de este espacio colectivo de trabajo y celebraron la convocatoria.<\/p>\n<p>La titular de Desarrollo Social consider\u00f3 \u201cgrata la mirada integral de poder recoger las particularidades de todo el territorio, y garantizar en alg\u00fan punto algo que nosotros siempre hablamos, que es el principio de inmediatez y poder pensar pol\u00edticas descentralizadas en toda la provincia\u201d.<\/p>\n<p>La Ministra de Salud por su parte, afirm\u00f3: \u201cNo habr\u00eda proyecto de ley si hubiese una decisi\u00f3n pol\u00edtica\u201d, dijo tras lo cual puso en relevancia el \u201cpuntapi\u00e9\u201d dado por la Vicegobernadora respecto a estos avances para un nuevo r\u00e9gimen que aborde la violencia de g\u00e9nero en la provincia.<\/p>\n<p>A continuaci\u00f3n, expres\u00f3: \u201cTomar esta decisi\u00f3n pol\u00edtica tambi\u00e9n conlleva otro elemento no menos importante, que es animarnos como Estado a ser interpelados, realmente, por nuestra propia realidad, a nivel de nuestra propia composici\u00f3n, propia normativa, propios decires, haceres, propia coherencia\u201d.<\/p>\n<p>\u201cPoder revisarnos verdaderamente va a ser un desaf\u00edo, va a significar un gran desaf\u00edo como ser\u00e1 \u00e9ste, desde una construcci\u00f3n colectiva\u201d, se\u00f1al\u00f3.<\/p>\n<p>En tanto, en palabras de la ministra de Gobierno, la reuni\u00f3n fue \u201cun paso necesario\u201d, a la vez que entendi\u00f3 \u201coportuno que se alumbre este nuevo r\u00e9gimen que perfecciona las herramientas que tenemos, y nos coloca a los distintos actores en una posici\u00f3n de mayor fortaleza que es lo que buscamos para justamente combatir la violencia de g\u00e9nero\u201d.<\/p>\n<p>&nbsp;<\/p>\n<p><strong>Participantes<\/strong><\/p>\n<p>Adem\u00e1s de la Vicegobernadora y las Ministras, estuvieron presentes en el Sal\u00f3n de la Vicegobernaci\u00f3n, la titular del Observatorio de G\u00e9nero y Derechos Humanos, Sigrid Kunath, la secretaria de G\u00e9nero, Mujeres y Diversidad, Mariana Broggi; en tanto que en forma remota asistieron la senadora Claudia Gieco (FJ Creer ER &#8211; Diamante), presidenta de la Comisi\u00f3n de Legislaci\u00f3n General del Senado; y las diputadas Mariana Farf\u00e1n (FJ Creer ER &#8211; Gualeguaych\u00fa), titular de la Banca de las Mujeres, G\u00e9neros y Diversidades, y Carina Ramos (FJ Creer ER &#8211; Paran\u00e1), a cargo de la Comisi\u00f3n de Legislaci\u00f3n General de la C\u00e1mara Baja de la provincia.<\/p>\n<p>Por parte de las organizaciones de la sociedad civil, participaron en forma remota e hicieron sus aportes, Natividad Barzola, referente de G\u00e9neros de La Poderosa, organizaci\u00f3n con importante trabajo territorial (Paran\u00e1); Silvina R\u00edos, primera directora en 75 a\u00f1os de LT14 Radio Nacional (Paran\u00e1), Alejandra Parish, docente trans de educaci\u00f3n t\u00e9cnica (Gualeguay); Natalia Rioli integrante del Centro de D\u00eda \u201cVirgen de la Esperanza\u201d de fuerte compromiso con la comunidad (Paran\u00e1), Gabriel L\u00f3pez, hermano de Gisela L\u00f3pez e integrante de la Asociaci\u00f3n Gisela L\u00f3pez (Santa Elena); Ludmila Nichejew, integrante de la Asociaci\u00f3n Juana Azurduy que realiza trabajo territorial en formaci\u00f3n de g\u00e9nero (Concepci\u00f3n del Uruguay); Soledad Ferrer\u00eda, conforma la Asociaci\u00f3n Civil Taller Flotante y la Agrupaci\u00f3n Orilleras (Victoria); Laura D\u00edaz, forma parte de la Radio Comunitaria FM La Redota (Villaguay); Brenda Fael que forma parte de la AUFASAM (Asociaci\u00f3n de Usuarios, Familiares y Amigos de la Salud Mental (San Benito); Soledad Bettendorff, integrante de la organizaci\u00f3n \u201cNuestra Am\u00e9rica Profunda\u201d, que trabaja en cuestiones de g\u00e9nero y ambiente (Gualeguaych\u00fa); Mar\u00eda Elena Al\u00e9, activista feminista (Paran\u00e1); Agustina D\u00edaz, quien forma parte de la Fundaci\u00f3n Micaela Garc\u00eda (Gualeguaych\u00fa); Ivanna Rezzet, secretaria de G\u00e9nero de la CTA de los Trabajadores Entre R\u00edos (Paran\u00e1); Daniela Vera, integrante de la Multisectorial de Mujeres Entrerrianas (Paran\u00e1); Judith B\u00e1ez, integrante de la Cooperativa de mujeres constructoras La Pasionaria (Paran\u00e1); Marianela Salzmann, referente de la comunidad sorda, integrante de la Asociaci\u00f3n de Sordos de Paran\u00e1 y del Equipo de Lengua de Se\u00f1as del Iprodi (Paran\u00e1); Stella Maris R\u00e9bora de Chapino, referente de mujeres campesinas de Entre R\u00edos (Paran\u00e1) y Victoria Basso, integrante del Consejo del Ministerio de G\u00e9nero que preside Dora Barrancos, y forma parte de Instituto de Estudios Interdisciplinarios en Comunicaci\u00f3n, Educaci\u00f3n y G\u00e9neros (Paran\u00e1).<\/p>\n","protected":false},"excerpt":{"rendered":"<p>Representantes de organizaciones de la sociedad civil, funcionarias e integrantes del Poder Legislativo mantuvieron una reuni\u00f3n de trabajo con la vicegobernadora Laura Stratta, ministras del gabinete y referente del Observatorio de G\u00e9nero y Derechos Humanos de la Vicegobernaci\u00f3n &nbsp; La vicegobernadora Laura Stratta encabez\u00f3 este martes un encuentro de trabajo, bajo modalidad virtual, con las ministras del Gabinete provincial, referentes de organizaciones de la sociedad civil de Entre R\u00edos, funcionarias y legisladoras provinciales que presiden comisiones vinculadas a la tem\u00e1tica, en el que se presentaron los avances para un nuevo&#8230;<\/p>\n","protected":false},"author":3,"featured_media":62730,"comment_status":"closed","ping_status":"closed","sticky":false,"template":"","format":"standard","meta":[],"categories":[9],"tags":[],"_links":{"self":[{"href":"https:\/\/www.actualidadadiario.com\/index.php\/wp-json\/wp\/v2\/posts\/62729"}],"collection":[{"href":"https:\/\/www.actualidadadiario.com\/index.php\/wp-json\/wp\/v2\/posts"}],"about":[{"href":"https:\/\/www.actualidadadiario.com\/index.php\/wp-json\/wp\/v2\/types\/post"}],"author":[{"embeddable":true,"href":"https:\/\/www.actualidadadiario.com\/index.php\/wp-json\/wp\/v2\/users\/3"}],"replies":[{"embeddable":true,"href":"https:\/\/www.actualidadadiario.com\/index.php\/wp-json\/wp\/v2\/comments?post=62729"}],"version-history":[{"count":1,"href":"https:\/\/www.actualidadadiario.com\/index.php\/wp-json\/wp\/v2\/posts\/62729\/revisions"}],"predecessor-version":[{"id":62731,"href":"https:\/\/www.actualidadadiario.com\/index.php\/wp-json\/wp\/v2\/posts\/62729\/revisions\/62731"}],"wp:featuredmedia":[{"embeddable":true,"href":"https:\/\/www.actualidadadiario.com\/index.php\/wp-json\/wp\/v2\/media\/62730"}],"wp:attachment":[{"href":"https:\/\/www.actualidadadiario.com\/index.php\/wp-json\/wp\/v2\/media?parent=62729"}],"wp:term":[{"taxonomy":"category","embeddable":true,"href":"https:\/\/www.actualidadadiario.com\/index.php\/wp-json\/wp\/v2\/categories?post=62729"},{"taxonomy":"post_tag","embeddable":true,"href":"https:\/\/www.actualidadadiario.com\/index.php\/wp-json\/wp\/v2\/tags?post=62729"}],"curies":[{"name":"wp","href":"https:\/\/api.w.org\/{rel}","templated":true}]}}