{"id":62726,"date":"2020-06-10T12:57:50","date_gmt":"2020-06-10T15:57:50","guid":{"rendered":"https:\/\/www.actualidadadiario.com\/?p=62726"},"modified":"2020-06-10T12:57:50","modified_gmt":"2020-06-10T15:57:50","slug":"el-archivo-general-de-la-provincia-cumple-140-anos","status":"publish","type":"post","link":"https:\/\/www.actualidadadiario.com\/index.php\/2020\/06\/10\/el-archivo-general-de-la-provincia-cumple-140-anos\/","title":{"rendered":"El Archivo General de la Provincia cumple 140 a\u00f1os"},"content":{"rendered":"<p style=\"text-align: center;\"><em><strong>El Archivo General de la provincia fue creado con el objetivo de resguardar el patrimonio documental en 1880 por disposici\u00f3n del gobernador Jos\u00e9 F. Antelo. Este 10 de junio celebra 140 a\u00f1os de vida institucional. Actualmente depende de la Secretar\u00eda de Cultura de Entre R\u00edos<\/strong><\/em><\/p>\n<p>&nbsp;<\/p>\n<p>&nbsp;<\/p>\n<p>El Archivo General de la Provincia de Entre R\u00edos tiene como misi\u00f3n conservar, guardar, concentrar y difundir documentos administrativos hist\u00f3ricos patrimoniales de la provincia.<\/p>\n<p>Adem\u00e1s, organiza documentos de car\u00e1cter hist\u00f3rico y realiza ciclos de conferencias, proyecciones de pel\u00edculas sobre temas hist\u00f3ricos, visitas guiadas, entre otras actividades culturales, planificadas con el prop\u00f3sito de convocar a la mayor cantidad de p\u00fablico para as\u00ed permitir el acceso, el conocimiento y el uso de las instalaciones.<\/p>\n<p>Tambi\u00e9n se encarga de asesorar en investigaciones.<\/p>\n<p>Con motivo del nuevo aniversario, el director del Archivo General, Dami\u00e1n Capdvila destac\u00f3: \u201cEn el marco del aislamiento social, hemos estado trabajando a trav\u00e9s de redes sociales con la comunidad. En conjunto con el Instituto Audiovisual de Entre R\u00edos se produjo un recorrido virtual por la instituci\u00f3n. Adem\u00e1s, en estos d\u00edas se compartir\u00e1n de manera virtual distintos mensajes de nuestros usuarios (investigadores, docentes, estudiantes y funcionarios) con motivo de celebrar el cumplea\u00f1os n\u00famero 140 del organismo\u201d.<\/p>\n<p>\u201cEntre la importante documentaci\u00f3n que atesora, el Archivo tiene documentos de la \u00e9poca colonial, del gobierno de Francisco Ram\u00edrez y Justo Jos\u00e9 de Urquiza; y una importante colecci\u00f3n de diarios. Tenemos diarios de 1870 hasta la actualidad. Recibimos la donaci\u00f3n completa de El Diario de Paran\u00e1, desde 1915 hasta la actualidad. Esa es una de las fuentes m\u00e1s consultada por los visitantes\u201d, mencion\u00f3 el funcionario.<\/p>\n<p>&nbsp;<\/p>\n<p><strong>Una gran historia<\/strong><\/p>\n<p>Los or\u00edgenes del Archivo de la Provincia se remontan a mediados del siglo XIX cuando, con la denominaci\u00f3n de Archivo del Ministerio de Gobierno, fue creado por el Gobernador Justo Jos\u00e9 de Urquiza por decreto del 4 de mayo de 1860.<\/p>\n<p>Los sucesivos Gobiernos Provinciales fueron adoptando diversas medidas para resguardar el patrimonio documental de Entre R\u00edos, disponiendo &#8220;&#8230; el ingreso al archivo de todos aquellos documentos y antecedentes que pertenecen a la Provincia y de que se tenga conocimiento estuviesen indebidamente archivados dentro y fuera de ella&#8230;&#8221;.<\/p>\n<p>El 10 de junio de 1880, se promulg\u00f3 la Ley de creaci\u00f3n definitiva del Archivo General de la Provincia, durante la gobernaci\u00f3n de Jos\u00e9 F. Antelo.<\/p>\n<p>En 1932 alcanz\u00f3 un perfil definitivo durante la gesti\u00f3n en la direcci\u00f3n del poeta Guillermo Sarav\u00ed, debido a las pautas introducidas y a las normas implementadas respecto de su clasificaci\u00f3n y ordenaci\u00f3n, teniendo en cuenta el principio de procedencia y la cronolog\u00eda, que en la actualidad se respetan y lo han prestigiado ubic\u00e1ndolo en los primeros lugares de los archivos del pa\u00eds.<\/p>\n<p>Con el transcurrir del tiempo y las innovaciones devenidas en la ciencia archiv\u00edstica, se hizo necesario introducir modificaciones que permitan trabajar m\u00e1s acorde a los nuevos aportes documentales que se cumplimentaron en las \u00faltimas d\u00e9cadas, para lo cual se inici\u00f3 un proceso de microfilmaci\u00f3n que incluy\u00f3 varias series del fondo Gobierno y la incorporaci\u00f3n de la lectora de microfilmes.<\/p>\n","protected":false},"excerpt":{"rendered":"<p>El Archivo General de la provincia fue creado con el objetivo de resguardar el patrimonio documental en 1880 por disposici\u00f3n del gobernador Jos\u00e9 F. Antelo. Este 10 de junio celebra 140 a\u00f1os de vida institucional. Actualmente depende de la Secretar\u00eda de Cultura de Entre R\u00edos &nbsp; &nbsp; El Archivo General de la Provincia de Entre R\u00edos tiene como misi\u00f3n conservar, guardar, concentrar y difundir documentos administrativos hist\u00f3ricos patrimoniales de la provincia. Adem\u00e1s, organiza documentos de car\u00e1cter hist\u00f3rico y realiza ciclos de conferencias, proyecciones de pel\u00edculas sobre temas hist\u00f3ricos, visitas guiadas,&#8230;<\/p>\n","protected":false},"author":3,"featured_media":62727,"comment_status":"closed","ping_status":"closed","sticky":false,"template":"","format":"standard","meta":[],"categories":[15],"tags":[],"_links":{"self":[{"href":"https:\/\/www.actualidadadiario.com\/index.php\/wp-json\/wp\/v2\/posts\/62726"}],"collection":[{"href":"https:\/\/www.actualidadadiario.com\/index.php\/wp-json\/wp\/v2\/posts"}],"about":[{"href":"https:\/\/www.actualidadadiario.com\/index.php\/wp-json\/wp\/v2\/types\/post"}],"author":[{"embeddable":true,"href":"https:\/\/www.actualidadadiario.com\/index.php\/wp-json\/wp\/v2\/users\/3"}],"replies":[{"embeddable":true,"href":"https:\/\/www.actualidadadiario.com\/index.php\/wp-json\/wp\/v2\/comments?post=62726"}],"version-history":[{"count":1,"href":"https:\/\/www.actualidadadiario.com\/index.php\/wp-json\/wp\/v2\/posts\/62726\/revisions"}],"predecessor-version":[{"id":62728,"href":"https:\/\/www.actualidadadiario.com\/index.php\/wp-json\/wp\/v2\/posts\/62726\/revisions\/62728"}],"wp:featuredmedia":[{"embeddable":true,"href":"https:\/\/www.actualidadadiario.com\/index.php\/wp-json\/wp\/v2\/media\/62727"}],"wp:attachment":[{"href":"https:\/\/www.actualidadadiario.com\/index.php\/wp-json\/wp\/v2\/media?parent=62726"}],"wp:term":[{"taxonomy":"category","embeddable":true,"href":"https:\/\/www.actualidadadiario.com\/index.php\/wp-json\/wp\/v2\/categories?post=62726"},{"taxonomy":"post_tag","embeddable":true,"href":"https:\/\/www.actualidadadiario.com\/index.php\/wp-json\/wp\/v2\/tags?post=62726"}],"curies":[{"name":"wp","href":"https:\/\/api.w.org\/{rel}","templated":true}]}}