{"id":62710,"date":"2020-06-10T12:50:47","date_gmt":"2020-06-10T15:50:47","guid":{"rendered":"https:\/\/www.actualidadadiario.com\/?p=62710"},"modified":"2020-06-10T12:50:47","modified_gmt":"2020-06-10T15:50:47","slug":"la-etapa-de-distanciamiento-establece-nuevas-disposiciones-para-la-administracion-publica","status":"publish","type":"post","link":"https:\/\/www.actualidadadiario.com\/index.php\/2020\/06\/10\/la-etapa-de-distanciamiento-establece-nuevas-disposiciones-para-la-administracion-publica\/","title":{"rendered":"La etapa de distanciamiento establece nuevas disposiciones para la administraci\u00f3n p\u00fablica"},"content":{"rendered":"<p style=\"text-align: center;\"><em><strong>La administraci\u00f3n p\u00fablica retoma su ritmo habitual y quedar\u00e1n eximidos de asistir a sus lugares de trabajo s\u00f3lo los empleados mayores de 60 a\u00f1os y en grupos de riesgo en esta etapa de distanciamiento social<\/strong><\/em><\/p>\n<p>&nbsp;<\/p>\n<p>&nbsp;<\/p>\n<p>Se dispone adem\u00e1s la continuidad del adicional para los trabajadores de salud, personal policial y personal de comedores que se desempe\u00f1an en el marco de la emergencia.<\/p>\n<p>A trav\u00e9s del decreto N\u00ba 817\/GOB se dispensa de la asistencia a sus lugares de trabajo en la administraci\u00f3n central, a las personas de 60 a\u00f1os o mayores y a las incluidas en grupos de riesgo durante el per\u00edodo de distanciamiento social, preventivo y obligatorio, que se implementa desde el 8 al 28 de junio en la provincia de Entre R\u00edos; salvo las declaradas personal esencial o las que est\u00e9n afectadas a actividades cr\u00edticas o de prestaci\u00f3n de servicios indispensables.<\/p>\n<p>En ese marco, quedan exceptuados de asistir a sus lugares de trabajo en la administraci\u00f3n central, las personas mayores de 60 a\u00f1os, y las consideradas en grupos de riesgo: Todas las mujeres embarazadas en cualquier trimestre de gestaci\u00f3n; las personas que posean enfermedades respiratorias cr\u00f3nicas, enfermedades card\u00edacas, inmunodeficiencias, diabetes tipo 1 y 2, insuficiencia renal cr\u00f3nica en di\u00e1lisis o con expectativas de ingresar a di\u00e1lisis en los siguientes seis meses. Cada una de las patolog\u00edas deber\u00e1n ser certificadas y presentadas ante los organismos de quienes dependan los agentes.<\/p>\n<p>La dispensa concedida se computar\u00e1 como tiempo de servicio, sin que ello afecte la percepci\u00f3n \u00edntegra de haberes, y los responsables de cada jurisdicci\u00f3n deben determinar las condiciones y pautas para la realizaci\u00f3n de tareas habituales o an\u00e1logas que se puedan desarrollar en forma remota.<\/p>\n<p>La definici\u00f3n se toma conforme lo previsto en el art\u00edculo 3\u00ba del Decreto de Necesidad y Urgencia N\u00ba 520\/20 del Poder Ejecutivo Nacional.<\/p>\n<p>En tanto que en esta nueva fase de reapertura programada el Poder Ejecutivo, adoptar\u00e1 las medidas pertinentes en coordinaci\u00f3n con las autoridades municipales y comunales para el efectivo y eficaz cumplimiento, resguardando la prestaci\u00f3n de servicios que el Estado provincial debe brindar y garantizar, en l\u00ednea con las directivas y recomendaciones emanadas del COES.<\/p>\n<p>En ese sentido, y a fin de garantizarse la prestaci\u00f3n de servicios, se establecer\u00e1n las medidas necesarias para funcionamiento de las dependencias pudiendo disponer en sus \u00e1mbitos las modalidades bajo las cuales se prestar\u00e1n los servicios los agentes responsables, as\u00ed como los lineamientos a seguir para la atenci\u00f3n de situaciones extraordinarias y\/o de urgencia que se susciten.<\/p>\n<p>&nbsp;<\/p>\n<p><strong>Emergencia sanitaria<\/strong><\/p>\n<p>Desde la declaraci\u00f3n de la Emergencia Sanitaria en el territorio provincial a fin de afrontar y mitigar la propagaci\u00f3n del virus, desde el gobierno provincial se adoptaron y articularon diversas medidas urgentes y coordinadas.<\/p>\n<p>En ese marco, se estableci\u00f3 un aumento del Adicional por Riesgo para todos los escalafones de los agentes dependientes del Ministerio de Salud quienes se encuentren al frente de la atenci\u00f3n sanitaria, y se increment\u00f3 las Becas de Residentes en Salud, ello a fin de conceder una compensaci\u00f3n compatible con el esfuerzo que el personal realiza en virtud de la especificidad de sus tareas.<\/p>\n<p>Adem\u00e1s, en ese contexto, se dispuso para el personal activo de la Polic\u00eda de la provincia afectado a atender el aislamiento social, preventivo y obligatorio y\/o medidas extraordinarias que se susciten, incluyendo al personal de la Direcci\u00f3n General del Servicio Penitenciario con desempe\u00f1o de funciones en los establecimientos carcelarios de la provincia, una bonificaci\u00f3n de car\u00e1cter excepcional, en consideraci\u00f3n a la exposici\u00f3n al riesgo de contagio.<\/p>\n<p>Tambi\u00e9n, a trav\u00e9s de un decreto, se dispuso, el otorgamiento de una bonificaci\u00f3n para el personal de la Direcci\u00f3n de Comedores del Ministerio de Desarrollo Social con prestaci\u00f3n de servicios en los establecimientos escolares y\/o comunitarios, en las coordinaciones activas, a los encargados de coordinar, ejecutar y supervisar la aplicaci\u00f3n de los programas de pol\u00edticas alimentarias, ambas en territorio, al personal con prestaci\u00f3n de servicios en los Hogares dependientes de esa cartera ministerial dedicados al cuidado y protecci\u00f3n de mujeres en situaci\u00f3n de violencia y de adultos mayores incluyendo adem\u00e1s al personal del Consejo Provincial del Ni\u00f1o, el Adolescente y la Familia con desempe\u00f1o de funciones en las residencias de su dependencia y guardias de Coordinaciones Departamentales con prestaci\u00f3n de servicios presencial e ininterrumpida.<\/p>\n<p>&nbsp;<\/p>\n<p><strong>Recomendaciones del COES<\/strong><\/p>\n<p>Para el desarrollo de las actividades y servicios de la administraci\u00f3n p\u00fablica provincial, el Comit\u00e9 de Emergencia Sanitaria recomienda pensar turnos, espacios y m\u00e9todos de trabajo respetando indicaci\u00f3n de distancia interpersonal; extremar las medidas de higiene y profilaxis; asegurar elementos de protecci\u00f3n e higienes suficientes. Adem\u00e1s, prever y dise\u00f1ar protocolos seg\u00fan caracter\u00edsticas y din\u00e1micas particulares.<\/p>\n<p>Respecto del desplazamiento hacia y desde los lugares de trabajo, se sugiere utilizar opciones de movilidad que garanticen distancia, y evitar en la medida de lo posible, compartir autos o viajar en colectivos.<\/p>\n<p>En los lugares de trabajo, se recomienda mantener la distancia interpersonal de dos metros todo el tiempo, evitar los saludos y el contacto f\u00edsico. Evitar compartir herramientas, equipos e instrumentos.<\/p>\n<p>Al manipular documentaci\u00f3n, como notas o expedientes, se sugiere mantener la continua higiene de manos con alcohol diluido 70\/30 alcohol en gel. Tambi\u00e9n, cuidar la documentaci\u00f3n tratando de que no entren en contacto con superficies que puedan estar altamente contaminadas.<\/p>\n<p>Se insta adem\u00e1s a extremar las medidas de higiene y profilaxis.<\/p>\n<p>En caso de notar s\u00edntomas, avisar inmediatamente a compa\u00f1eros y superiores, extremar distanciamiento interpersonal tanto en el trabajo como en el camino a casa, as\u00ed como las medidas de higiene y contactar inmediatamente al 08007778476 para que se eval\u00fae el caso.<\/p>\n","protected":false},"excerpt":{"rendered":"<p>La administraci\u00f3n p\u00fablica retoma su ritmo habitual y quedar\u00e1n eximidos de asistir a sus lugares de trabajo s\u00f3lo los empleados mayores de 60 a\u00f1os y en grupos de riesgo en esta etapa de distanciamiento social &nbsp; &nbsp; Se dispone adem\u00e1s la continuidad del adicional para los trabajadores de salud, personal policial y personal de comedores que se desempe\u00f1an en el marco de la emergencia. A trav\u00e9s del decreto N\u00ba 817\/GOB se dispensa de la asistencia a sus lugares de trabajo en la administraci\u00f3n central, a las personas de 60 a\u00f1os&#8230;<\/p>\n","protected":false},"author":3,"featured_media":62711,"comment_status":"closed","ping_status":"closed","sticky":false,"template":"","format":"standard","meta":[],"categories":[9],"tags":[],"_links":{"self":[{"href":"https:\/\/www.actualidadadiario.com\/index.php\/wp-json\/wp\/v2\/posts\/62710"}],"collection":[{"href":"https:\/\/www.actualidadadiario.com\/index.php\/wp-json\/wp\/v2\/posts"}],"about":[{"href":"https:\/\/www.actualidadadiario.com\/index.php\/wp-json\/wp\/v2\/types\/post"}],"author":[{"embeddable":true,"href":"https:\/\/www.actualidadadiario.com\/index.php\/wp-json\/wp\/v2\/users\/3"}],"replies":[{"embeddable":true,"href":"https:\/\/www.actualidadadiario.com\/index.php\/wp-json\/wp\/v2\/comments?post=62710"}],"version-history":[{"count":1,"href":"https:\/\/www.actualidadadiario.com\/index.php\/wp-json\/wp\/v2\/posts\/62710\/revisions"}],"predecessor-version":[{"id":62712,"href":"https:\/\/www.actualidadadiario.com\/index.php\/wp-json\/wp\/v2\/posts\/62710\/revisions\/62712"}],"wp:featuredmedia":[{"embeddable":true,"href":"https:\/\/www.actualidadadiario.com\/index.php\/wp-json\/wp\/v2\/media\/62711"}],"wp:attachment":[{"href":"https:\/\/www.actualidadadiario.com\/index.php\/wp-json\/wp\/v2\/media?parent=62710"}],"wp:term":[{"taxonomy":"category","embeddable":true,"href":"https:\/\/www.actualidadadiario.com\/index.php\/wp-json\/wp\/v2\/categories?post=62710"},{"taxonomy":"post_tag","embeddable":true,"href":"https:\/\/www.actualidadadiario.com\/index.php\/wp-json\/wp\/v2\/tags?post=62710"}],"curies":[{"name":"wp","href":"https:\/\/api.w.org\/{rel}","templated":true}]}}