{"id":62704,"date":"2020-06-09T13:07:36","date_gmt":"2020-06-09T16:07:36","guid":{"rendered":"https:\/\/www.actualidadadiario.com\/?p=62704"},"modified":"2020-06-09T13:07:36","modified_gmt":"2020-06-09T16:07:36","slug":"la-advertencia-de-francisco-a-italia-a-no-cantar-victoria-demasiado-rapido","status":"publish","type":"post","link":"https:\/\/www.actualidadadiario.com\/index.php\/2020\/06\/09\/la-advertencia-de-francisco-a-italia-a-no-cantar-victoria-demasiado-rapido\/","title":{"rendered":"La advertencia de Francisco a Italia: &#8220;A no cantar victoria demasiado r\u00e1pido&#8221;"},"content":{"rendered":"<p style=\"text-align: center;\"><em><strong>El papa Francisco no dud\u00f3 en asegurar que \u201cno hay que cantar victoria demasiado r\u00e1pido\u201d respecto de la salida de Italia de la pandemia del coronavirus, al tiempo que pidi\u00f3 continuar \u201crespetando con cuidado las normas vigentes\u201d. En el marco del Angelus, el mensaje fue para el pa\u00eds europeo como el resto de las naciones que gradualmente comienzan a dejar atr\u00e1s lo m\u00e1s duro del distanciamiento social<\/strong><\/em><\/p>\n<p>&nbsp;<\/p>\n<p>&nbsp;<\/p>\n<p>Ante esto, agreg\u00f3 que \u201clos pa\u00edses donde el virus todav\u00eda se est\u00e1 cobrando muchas v\u00edctimas\u201d y record\u00f3 que sigue cerca \u201cde los enfermos, a sus familias y a quienes les prestan asistencia\u201d. \u201cSaludo a todos ustedes, romanos y peregrinos: los habituales fieles, las familias y las comunidades religiosas\u201c, indic\u00f3 el Sumo pont\u00edfice, quien a\u00f1adi\u00f3: \u201cLa peque\u00f1a presencia de ustedes en la plaza es se\u00f1al de que en Italia la fase aguda de la pandemia est\u00e1 superada. Pero est\u00e9n atentos a no cantar victoria antes de tiempo\u201d.<\/p>\n<p>\u201cTodav\u00eda existe la necesidad de seguir las reglas con sumo cuidado, porque nos ayudan a evitar que el virus avance. Gracias a Dios estamos saliendo del centro m\u00e1s fuerte, pero siempre con las indicaciones que nos dan las autoridades\u201d, recomend\u00f3 Francisco, al tiempo que recomend\u00f3 a los pa\u00edses con altos casos de contagio: \u201cEl virus, todav\u00eda, se est\u00e1 cobrando tantas v\u00edctimas. El viernes pasado, en un pa\u00eds, muri\u00f3 una persona por minuto! Terrible\u201d.<\/p>\n<p>Tambi\u00e9n hizo referencia a la situaci\u00f3n en Am\u00e9rica Latina, principalmente a Brasil, donde est\u00e1 actualmente el foco de la pandemia. \u201cDeseo expresar mi cercan\u00eda a aquellas poblaciones, a los enfermos, a sus familiares y a todos aquellos que los cuidan. Acerqu\u00e9monos a ellos con nuestra plegaria. Junio est\u00e1 dedicado especialmente al Coraz\u00f3n de Cristo, una devoci\u00f3n que comparten los grandes maestros espirituales y a la gente com\u00fan del pueblo de Dios\u201d, expres\u00f3 seg\u00fan cita ANSA.<\/p>\n<p>Finalmente, concluy\u00f3: \u201cHay una vieja plegaria, que aprend\u00ed de mi abuela, que dice: \u2018Jes\u00fas, haz que mi coraz\u00f3n sea semejante al tuyo\u2019. Es una bella plegaria, peque\u00f1a. Dig\u00e1mosla juntos ahora\u201d. El Vaticano, como varios sitios clave de Europa, acaba de autorizar el regreso de los fieles a la plaza de San Pedro, con estrictas normas de control, controles de temperatura, distanciamiento social y rigurosas normativas sanitarias.<\/p>\n","protected":false},"excerpt":{"rendered":"<p>El papa Francisco no dud\u00f3 en asegurar que \u201cno hay que cantar victoria demasiado r\u00e1pido\u201d respecto de la salida de Italia de la pandemia del coronavirus, al tiempo que pidi\u00f3 continuar \u201crespetando con cuidado las normas vigentes\u201d. En el marco del Angelus, el mensaje fue para el pa\u00eds europeo como el resto de las naciones que gradualmente comienzan a dejar atr\u00e1s lo m\u00e1s duro del distanciamiento social &nbsp; &nbsp; Ante esto, agreg\u00f3 que \u201clos pa\u00edses donde el virus todav\u00eda se est\u00e1 cobrando muchas v\u00edctimas\u201d y record\u00f3 que sigue cerca \u201cde&#8230;<\/p>\n","protected":false},"author":3,"featured_media":62705,"comment_status":"closed","ping_status":"closed","sticky":false,"template":"","format":"standard","meta":[],"categories":[4],"tags":[],"_links":{"self":[{"href":"https:\/\/www.actualidadadiario.com\/index.php\/wp-json\/wp\/v2\/posts\/62704"}],"collection":[{"href":"https:\/\/www.actualidadadiario.com\/index.php\/wp-json\/wp\/v2\/posts"}],"about":[{"href":"https:\/\/www.actualidadadiario.com\/index.php\/wp-json\/wp\/v2\/types\/post"}],"author":[{"embeddable":true,"href":"https:\/\/www.actualidadadiario.com\/index.php\/wp-json\/wp\/v2\/users\/3"}],"replies":[{"embeddable":true,"href":"https:\/\/www.actualidadadiario.com\/index.php\/wp-json\/wp\/v2\/comments?post=62704"}],"version-history":[{"count":1,"href":"https:\/\/www.actualidadadiario.com\/index.php\/wp-json\/wp\/v2\/posts\/62704\/revisions"}],"predecessor-version":[{"id":62706,"href":"https:\/\/www.actualidadadiario.com\/index.php\/wp-json\/wp\/v2\/posts\/62704\/revisions\/62706"}],"wp:featuredmedia":[{"embeddable":true,"href":"https:\/\/www.actualidadadiario.com\/index.php\/wp-json\/wp\/v2\/media\/62705"}],"wp:attachment":[{"href":"https:\/\/www.actualidadadiario.com\/index.php\/wp-json\/wp\/v2\/media?parent=62704"}],"wp:term":[{"taxonomy":"category","embeddable":true,"href":"https:\/\/www.actualidadadiario.com\/index.php\/wp-json\/wp\/v2\/categories?post=62704"},{"taxonomy":"post_tag","embeddable":true,"href":"https:\/\/www.actualidadadiario.com\/index.php\/wp-json\/wp\/v2\/tags?post=62704"}],"curies":[{"name":"wp","href":"https:\/\/api.w.org\/{rel}","templated":true}]}}