{"id":62701,"date":"2020-06-09T13:06:50","date_gmt":"2020-06-09T16:06:50","guid":{"rendered":"https:\/\/www.actualidadadiario.com\/?p=62701"},"modified":"2020-06-09T13:06:50","modified_gmt":"2020-06-09T16:06:50","slug":"el-coronavirus-no-se-va-brasil-mexico-colombia-chile-argentina-y-peru","status":"publish","type":"post","link":"https:\/\/www.actualidadadiario.com\/index.php\/2020\/06\/09\/el-coronavirus-no-se-va-brasil-mexico-colombia-chile-argentina-y-peru\/","title":{"rendered":"El coronavirus no se va: Brasil, M\u00e9xico, Colombia, Chile, Argentina y Per\u00fa"},"content":{"rendered":"<p style=\"text-align: center;\"><em><strong>La pandemia del coronavirus ya se instal\u00f3 hace m\u00e1s de un mes con mucha fuerza en Am\u00e9rica Latina tras su paso por Europa. Hoy, Brasil, M\u00e9xico, Argentina, Colombia, Chile y Per\u00fa, y Estados Unidos en el norte del continente, sufren una gran cantidad de contagios pero con un dato que agrava el escenario: a\u00fan no se alcanz\u00f3 el pico de contagios. Esto lleva a los expertos, seg\u00fan cada territorio, a debatir entre extender, endurecer o ablandar el distanciamiento social<\/strong><\/em><\/p>\n<p>&nbsp;<\/p>\n<p><strong>Brasil<\/strong><\/p>\n<p>Brasil es el caso m\u00e1s preocupante porque adem\u00e1s de los miles de casos, ahora el Gobierno decidi\u00f3 no dar a conocer las cifras oficiales sobre los nuevos casos de COVID-19. El gigante latinoamericano es el segundo pa\u00eds con m\u00e1s casos confirmados detr\u00e1s de Estados Unidos (685.427) y el tercero en n\u00famero de muertos (37.312). El pa\u00eds presidido por el pol\u00e9mico Jair Bolsonaro registr\u00f3 en las \u00faltimas 24 horas 1.382 fallecimientos y 12.581 casos.<\/p>\n<p>&nbsp;<\/p>\n<p><strong>M\u00e9xico<\/strong><\/p>\n<p>Las autoridades de M\u00e9xico, seg\u00fan cita Europa Press, confirmaron que el pa\u00eds acumula m\u00e1s de 117.000 personas enfermas y 13.699 fallecidos desde que se produjo el primer contagio. Dichas cifras confirman el incremento de 3.484 contagios y 188 fallecidos en las \u00faltimas 24 horas. El dato a tener en cuenta es que \u201ces la primera vez desde que comenz\u00f3 el mes de junio que la cifra de muertos diarios es menor a los 200\u201d.<\/p>\n<p>&nbsp;<\/p>\n<p><strong>Colombia<\/strong><\/p>\n<p>Hasta el domingo, Colombia ya hab\u00eda alcanzado los 40.000 contagios por COVID-19 en un d\u00eda que no pas\u00f3 por alto, ya que el \u00faltimo rinc\u00f3n del pa\u00eds que no ten\u00eda un caso de coronavirus, qued\u00f3 en el olvido con el primer infectado. As\u00ed, la enfermedad ya se extendi\u00f3 a todo el territorio. El Ministerio de Salud confirm\u00f3 1.209 casos nuevos, para un total de 39.236 afectados, y 1.259 las v\u00edctimas mortales.<\/p>\n<p>&nbsp;<\/p>\n<p><strong>Chile<\/strong><\/p>\n<p>En el caso de Chile, el ministro de Salud dio a conocer las nuevas cifras sobre el avance del virus que alcanz\u00f3 un r\u00e9cord de 6.405 nuevos contagios en las \u00faltimas 24 horas. As\u00ed, el total de personas infectadas en asciende a 134.150 personas. Adem\u00e1s, al total de decesos se sumaran 653 nuevos casos por recomendaci\u00f3n de la Organizaci\u00f3n Mundial de la Salud (OMS), que pidi\u00f3 a\u00f1adir esos casos como muertes relacionadas al virus y no a otra causa.<\/p>\n<p>&nbsp;<\/p>\n<p><strong>Per\u00fa<\/strong><\/p>\n<p>Finalmente, Per\u00fa se ubica con m\u00e1s de 110.000 casos activos como el octavo pa\u00eds con m\u00e1s infectados en el mundo, con 5.500 decesos desde el 6 de marzo, el d\u00eda en que se confirm\u00f3 el primer caso. Seg\u00fan cifras oficiales, en las \u00faltimas horas se confirmaron otros 4.757 casos, con un total de infectados que ya super\u00f3 los 196.500 en todo el pa\u00eds. El dato positivo est\u00e1 en los recuperados: 86.219 en las \u00faltimas 24 horas.<\/p>\n","protected":false},"excerpt":{"rendered":"<p>La pandemia del coronavirus ya se instal\u00f3 hace m\u00e1s de un mes con mucha fuerza en Am\u00e9rica Latina tras su paso por Europa. Hoy, Brasil, M\u00e9xico, Argentina, Colombia, Chile y Per\u00fa, y Estados Unidos en el norte del continente, sufren una gran cantidad de contagios pero con un dato que agrava el escenario: a\u00fan no se alcanz\u00f3 el pico de contagios. Esto lleva a los expertos, seg\u00fan cada territorio, a debatir entre extender, endurecer o ablandar el distanciamiento social &nbsp; Brasil Brasil es el caso m\u00e1s preocupante porque adem\u00e1s de&#8230;<\/p>\n","protected":false},"author":3,"featured_media":62702,"comment_status":"closed","ping_status":"closed","sticky":false,"template":"","format":"standard","meta":[],"categories":[4],"tags":[],"_links":{"self":[{"href":"https:\/\/www.actualidadadiario.com\/index.php\/wp-json\/wp\/v2\/posts\/62701"}],"collection":[{"href":"https:\/\/www.actualidadadiario.com\/index.php\/wp-json\/wp\/v2\/posts"}],"about":[{"href":"https:\/\/www.actualidadadiario.com\/index.php\/wp-json\/wp\/v2\/types\/post"}],"author":[{"embeddable":true,"href":"https:\/\/www.actualidadadiario.com\/index.php\/wp-json\/wp\/v2\/users\/3"}],"replies":[{"embeddable":true,"href":"https:\/\/www.actualidadadiario.com\/index.php\/wp-json\/wp\/v2\/comments?post=62701"}],"version-history":[{"count":1,"href":"https:\/\/www.actualidadadiario.com\/index.php\/wp-json\/wp\/v2\/posts\/62701\/revisions"}],"predecessor-version":[{"id":62703,"href":"https:\/\/www.actualidadadiario.com\/index.php\/wp-json\/wp\/v2\/posts\/62701\/revisions\/62703"}],"wp:featuredmedia":[{"embeddable":true,"href":"https:\/\/www.actualidadadiario.com\/index.php\/wp-json\/wp\/v2\/media\/62702"}],"wp:attachment":[{"href":"https:\/\/www.actualidadadiario.com\/index.php\/wp-json\/wp\/v2\/media?parent=62701"}],"wp:term":[{"taxonomy":"category","embeddable":true,"href":"https:\/\/www.actualidadadiario.com\/index.php\/wp-json\/wp\/v2\/categories?post=62701"},{"taxonomy":"post_tag","embeddable":true,"href":"https:\/\/www.actualidadadiario.com\/index.php\/wp-json\/wp\/v2\/tags?post=62701"}],"curies":[{"name":"wp","href":"https:\/\/api.w.org\/{rel}","templated":true}]}}