{"id":62695,"date":"2020-06-09T13:05:16","date_gmt":"2020-06-09T16:05:16","guid":{"rendered":"https:\/\/www.actualidadadiario.com\/?p=62695"},"modified":"2020-06-09T13:05:16","modified_gmt":"2020-06-09T16:05:16","slug":"segun-oms-la-pandemia-de-coronavirus-esta-empeorando-en-el-mundo","status":"publish","type":"post","link":"https:\/\/www.actualidadadiario.com\/index.php\/2020\/06\/09\/segun-oms-la-pandemia-de-coronavirus-esta-empeorando-en-el-mundo\/","title":{"rendered":"Seg\u00fan OMS; la pandemia de coronavirus est\u00e1 &#8220;empeorando&#8221; en el mundo"},"content":{"rendered":"<p style=\"text-align: center;\"><em><strong>Seg\u00fan su director, Tedros Adhanom Ghebreyesus, la situaci\u00f3n se agrava pese a las mejoras de Europa. Casi el 75% de los nuevos casos se registraron en 10 pa\u00edses<\/strong><\/em><\/p>\n<p>&nbsp;<\/p>\n<p>&nbsp;<\/p>\n<p>La pandemia de coronavirus est\u00e1 empeorando en todo el mundo, asegur\u00f3 el lunes la Organizaci\u00f3n Mundial de la Salud (OMS).<\/p>\n<p>&#8220;Aunque la situaci\u00f3n en Europa est\u00e1 mejorando, a nivel mundial est\u00e1 empeorando&#8221;, dijo el director general de la OMS, Tedros Adhanom Ghebreyesus, en una videoconferencia de prensa desde Ginebra.<\/p>\n<p>&#8220;En nueve de los \u00faltimos 10 d\u00edas se reportaron m\u00e1s de 100.000 casos. Ayer se notificaron m\u00e1s de 136.000 casos, el m\u00e1ximo en un solo d\u00eda&#8221;, agreg\u00f3.<\/p>\n<p>Seg\u00fan el jefe de la OMS, casi el 75% de los casos registrados el domingo se reportaron en 10 pa\u00edses, la mayor parte de Am\u00e9rica y el sur de Asia.<\/p>\n<p>El nuevo coronavirus se ha cobrado la vida de m\u00e1s de 403.000 personas y ha infectado al menos a 7 millones desde que apareci\u00f3 en China el pasado diciembre, seg\u00fan el \u00faltimo balance de la AFP basado en fuentes oficiales.<\/p>\n<p>Despu\u00e9s del este de Asia, Europa se convirti\u00f3 en el epicentro de la pandemia, pero ahora este se encuentra en Am\u00e9rica.<\/p>\n","protected":false},"excerpt":{"rendered":"<p>Seg\u00fan su director, Tedros Adhanom Ghebreyesus, la situaci\u00f3n se agrava pese a las mejoras de Europa. Casi el 75% de los nuevos casos se registraron en 10 pa\u00edses &nbsp; &nbsp; La pandemia de coronavirus est\u00e1 empeorando en todo el mundo, asegur\u00f3 el lunes la Organizaci\u00f3n Mundial de la Salud (OMS). &#8220;Aunque la situaci\u00f3n en Europa est\u00e1 mejorando, a nivel mundial est\u00e1 empeorando&#8221;, dijo el director general de la OMS, Tedros Adhanom Ghebreyesus, en una videoconferencia de prensa desde Ginebra. &#8220;En nueve de los \u00faltimos 10 d\u00edas se reportaron m\u00e1s de&#8230;<\/p>\n","protected":false},"author":3,"featured_media":62696,"comment_status":"closed","ping_status":"closed","sticky":false,"template":"","format":"standard","meta":[],"categories":[4],"tags":[],"_links":{"self":[{"href":"https:\/\/www.actualidadadiario.com\/index.php\/wp-json\/wp\/v2\/posts\/62695"}],"collection":[{"href":"https:\/\/www.actualidadadiario.com\/index.php\/wp-json\/wp\/v2\/posts"}],"about":[{"href":"https:\/\/www.actualidadadiario.com\/index.php\/wp-json\/wp\/v2\/types\/post"}],"author":[{"embeddable":true,"href":"https:\/\/www.actualidadadiario.com\/index.php\/wp-json\/wp\/v2\/users\/3"}],"replies":[{"embeddable":true,"href":"https:\/\/www.actualidadadiario.com\/index.php\/wp-json\/wp\/v2\/comments?post=62695"}],"version-history":[{"count":1,"href":"https:\/\/www.actualidadadiario.com\/index.php\/wp-json\/wp\/v2\/posts\/62695\/revisions"}],"predecessor-version":[{"id":62697,"href":"https:\/\/www.actualidadadiario.com\/index.php\/wp-json\/wp\/v2\/posts\/62695\/revisions\/62697"}],"wp:featuredmedia":[{"embeddable":true,"href":"https:\/\/www.actualidadadiario.com\/index.php\/wp-json\/wp\/v2\/media\/62696"}],"wp:attachment":[{"href":"https:\/\/www.actualidadadiario.com\/index.php\/wp-json\/wp\/v2\/media?parent=62695"}],"wp:term":[{"taxonomy":"category","embeddable":true,"href":"https:\/\/www.actualidadadiario.com\/index.php\/wp-json\/wp\/v2\/categories?post=62695"},{"taxonomy":"post_tag","embeddable":true,"href":"https:\/\/www.actualidadadiario.com\/index.php\/wp-json\/wp\/v2\/tags?post=62695"}],"curies":[{"name":"wp","href":"https:\/\/api.w.org\/{rel}","templated":true}]}}