{"id":62686,"date":"2020-06-09T13:02:21","date_gmt":"2020-06-09T16:02:21","guid":{"rendered":"https:\/\/www.actualidadadiario.com\/?p=62686"},"modified":"2020-06-09T13:02:21","modified_gmt":"2020-06-09T16:02:21","slug":"detectan-dos-contagios-de-covid-en-diputados-y-podria-posponerse-la-sesion-por-escuchas","status":"publish","type":"post","link":"https:\/\/www.actualidadadiario.com\/index.php\/2020\/06\/09\/detectan-dos-contagios-de-covid-en-diputados-y-podria-posponerse-la-sesion-por-escuchas\/","title":{"rendered":"Detectan dos contagios de Covid en Diputados y podr\u00eda posponerse la sesi\u00f3n por escuchas"},"content":{"rendered":"<p style=\"text-align: center;\"><em><strong>Se trata de personal de limpieza. El gremio inform\u00f3 que se desinfectar\u00e1n el Palacio y el Anexo. Sigue el cronograma de comisiones para esta semana<\/strong><\/em><\/p>\n<p>&nbsp;<\/p>\n<p>&nbsp;<\/p>\n<p>En la tarde de este lunes se detectaron dos casos de coronavirus entre los empleados de limpieza que cumplen funciones en la C\u00e1mara de Diputados y la Asociaci\u00f3n de Personal Legislativo (APL) inform\u00f3 que habr\u00e1 una desinfecci\u00f3n del palacio y el edificio anexo A antes de volver a funcionar.<\/p>\n<p>Fue en un mensaje interno del secretario gremial, Felipe Sa\u00e9nz, que confirm\u00f3 los dos casos de covid entre el personal que cubr\u00eda &#8220;guardias m\u00ednimas y esenciales&#8221;. Asegur\u00f3 que esta misma tarde se dispuso a desinfectar el anexo C, la sala m\u00e1s grande que funciona en el edificio m\u00e1s reciente.<\/p>\n<p>Fuentes oficiales informaron que no tienen previsto cerrar el palacio y se mantiene vigente el cronograma de comisiones previsto, aunque se reducen las chances de sesionar mi\u00e9rcoles o jueves, como se especulaba este lunes. Queda pendiente tratar la ley de econom\u00eda del conocimiento y los decretos para quitarle a la Corte las escuchas judiciales.<\/p>\n<p>Pero este martes podr\u00eda haber un fuerte debate entre los gremios y el diputado del PRO Fernando Iglesias, quien pidi\u00f3 abrir una sala del edificio anexo para hacer una reuni\u00f3n semi presencial de la comisi\u00f3n de Mercosur. No se la negaron.<\/p>\n<p>Por la noche un comunicado oficial la C\u00e1mara confirm\u00f3 los dos casos de Covid, aunque aclar\u00f3 que son &#8220;asintom\u00e1ticos o padecen un cuadro cl\u00ednico leve por la que permanecen en aislamiento de contacto en instituci\u00f3n extra hospitalaria&#8221;.<\/p>\n<p>&#8220;En paralelo, se contin\u00faa con la limpieza y desinfecci\u00f3n permanente de los edificios legislativos seg\u00fan establecen los protocolos surgidos de las autoridades sanitarias nacionales e internacionales. Las medidas instrumentadas fueron tomadas en coordinaci\u00f3n con los gremios del sector&#8221;, agrega el texto.<\/p>\n<p>Se inform\u00f3 adem\u00e1s que los dos agentes fueron aislados y &#8220;se avanz\u00f3 en medidas de identificaci\u00f3n con contactos estrechos, los cuales fueron aislados&#8221;, concluye el texto.<\/p>\n<p>La semana pasada hubo ruido en Diputados por la cantidad de empleados que se reincorporaron, cuando ni siquiera hubo sesi\u00f3n. &#8220;Hab\u00eda muchos asesores, demasiados&#8221;, afirmaron a LPO fuentes de la c\u00e1mara baja.<\/p>\n<p>Los empleados ya hab\u00edan expresado su molestia hace 15 d\u00edas, cuando Cambiemos llam\u00f3 a una sesi\u00f3n especial para derogar los superpoderes, aun cuando ten\u00eda claro que no habr\u00eda qu\u00f3rum. En Diputados, a las sesiones asisten 40 de los 257 diputados, una de las condiciones de la oposici\u00f3n para habilitar las sesiones telem\u00e1ticas.<\/p>\n","protected":false},"excerpt":{"rendered":"<p>Se trata de personal de limpieza. El gremio inform\u00f3 que se desinfectar\u00e1n el Palacio y el Anexo. Sigue el cronograma de comisiones para esta semana &nbsp; &nbsp; En la tarde de este lunes se detectaron dos casos de coronavirus entre los empleados de limpieza que cumplen funciones en la C\u00e1mara de Diputados y la Asociaci\u00f3n de Personal Legislativo (APL) inform\u00f3 que habr\u00e1 una desinfecci\u00f3n del palacio y el edificio anexo A antes de volver a funcionar. Fue en un mensaje interno del secretario gremial, Felipe Sa\u00e9nz, que confirm\u00f3 los dos&#8230;<\/p>\n","protected":false},"author":3,"featured_media":62687,"comment_status":"closed","ping_status":"closed","sticky":false,"template":"","format":"standard","meta":[],"categories":[18],"tags":[],"_links":{"self":[{"href":"https:\/\/www.actualidadadiario.com\/index.php\/wp-json\/wp\/v2\/posts\/62686"}],"collection":[{"href":"https:\/\/www.actualidadadiario.com\/index.php\/wp-json\/wp\/v2\/posts"}],"about":[{"href":"https:\/\/www.actualidadadiario.com\/index.php\/wp-json\/wp\/v2\/types\/post"}],"author":[{"embeddable":true,"href":"https:\/\/www.actualidadadiario.com\/index.php\/wp-json\/wp\/v2\/users\/3"}],"replies":[{"embeddable":true,"href":"https:\/\/www.actualidadadiario.com\/index.php\/wp-json\/wp\/v2\/comments?post=62686"}],"version-history":[{"count":1,"href":"https:\/\/www.actualidadadiario.com\/index.php\/wp-json\/wp\/v2\/posts\/62686\/revisions"}],"predecessor-version":[{"id":62688,"href":"https:\/\/www.actualidadadiario.com\/index.php\/wp-json\/wp\/v2\/posts\/62686\/revisions\/62688"}],"wp:featuredmedia":[{"embeddable":true,"href":"https:\/\/www.actualidadadiario.com\/index.php\/wp-json\/wp\/v2\/media\/62687"}],"wp:attachment":[{"href":"https:\/\/www.actualidadadiario.com\/index.php\/wp-json\/wp\/v2\/media?parent=62686"}],"wp:term":[{"taxonomy":"category","embeddable":true,"href":"https:\/\/www.actualidadadiario.com\/index.php\/wp-json\/wp\/v2\/categories?post=62686"},{"taxonomy":"post_tag","embeddable":true,"href":"https:\/\/www.actualidadadiario.com\/index.php\/wp-json\/wp\/v2\/tags?post=62686"}],"curies":[{"name":"wp","href":"https:\/\/api.w.org\/{rel}","templated":true}]}}