{"id":62680,"date":"2020-06-09T13:00:45","date_gmt":"2020-06-09T16:00:45","guid":{"rendered":"https:\/\/www.actualidadadiario.com\/?p=62680"},"modified":"2020-06-09T13:03:35","modified_gmt":"2020-06-09T16:03:35","slug":"el-proyecto-enviado-al-parlamento-busca-declarar-a-vicentin-como-empresa-de-interes-publico","status":"publish","type":"post","link":"https:\/\/www.actualidadadiario.com\/index.php\/2020\/06\/09\/el-proyecto-enviado-al-parlamento-busca-declarar-a-vicentin-como-empresa-de-interes-publico\/","title":{"rendered":"El proyecto enviado al parlamento busca declarar a Vicent\u00edn como &#8220;empresa de inter\u00e9s p\u00fablico&#8221;"},"content":{"rendered":"<p style=\"text-align: center;\"><em><strong>La iniciativa ingresar\u00eda formalmente en el Senado que preside Cristina Fern\u00e1ndez de Kirchner, y girar\u00eda\u00a0 a la Comisi\u00f3n de Presupuesto y Hacienda y a la de Asuntos Constitucionales. Luego del anuncio distintos legisladores del FdT, salieron a expresar su acompa\u00f1amiento<\/strong><\/em><\/p>\n<p>&nbsp;<\/p>\n<p>El proyecto de Ley que enviar\u00e1 el Poder Ejecutivo al Congreso de la Naci\u00f3n busca declarar a Vicentin como una empresa de inter\u00e9s p\u00fablico y por tanto sujeta a expropiaci\u00f3n para que pase a formar parte de un fondo fiduciario que administrar\u00e1 YPF Agro, con lo que se replicar\u00e1 el modelo de gesti\u00f3n mixta.<\/p>\n<p>La iniciativa ingresar\u00eda formalmente a la brevedad en el Senado de la Naci\u00f3n que preside Cristina Fern\u00e1ndez de Kirchner, y girar\u00eda -en principio- a la Comisi\u00f3n de Presupuesto y Hacienda cuyo titular es el oficialista Carlos Caserio y a la de Asuntos Constitucionales a cargo de la senadora del Frente de Todos, Mar\u00eda de los \u00c1ngeles Sacnun.<\/p>\n<p>En la C\u00e1mara Alta, el senador Oscar Parrilli, ya hab\u00eda presentado a fines de abril un proyecto de ley para crear una Comisi\u00f3n Bicameral Investigadora de las presuntas irregularidades que pudieran existir en la relaci\u00f3n crediticia entre el Banco de la Naci\u00f3n Argentina y la empresa Vicent\u00edn, durante la gesti\u00f3n de Javier Gonz\u00e1lez Fraga al frente de la entidad en el gobierno de Mauricio Macri. Fuentes parlamentarias, comentaron a Tiempo que la iniciativa, que tiene pendiente su tratamiento en la Comisi\u00f3n de Asuntos Constitucionales, se discutir\u00eda en paralelo con la de expropiaci\u00f3n.<\/p>\n<p>En el texto preliminar, la fundamentaci\u00f3n del proyecto se basa en inserci\u00f3n en toda la cadena de comercializaci\u00f3n del mayor commodity de exportaci\u00f3n argentino. De esta manera, se intervendr\u00eda y consolidar\u00eda el mercado de Granos, ayudar\u00eda a fortalecer la liquidaci\u00f3n de divisas de las ventas al exterior y claridad en los precios exportables. Asimismo, brindar\u00eda la pauta para establecer valores de referencia en los \u00f3rganos de control y recaudaci\u00f3n los efectos del cobro de Derechos de Exportaci\u00f3n, e impuestos y asegurar\u00eda la base imponible de ganancias por renta global de las Multinacionales que operan en el mercado.<\/p>\n<p>Asimismo, establece que los activos expropiados ser\u00edan aportados a una empresa privada, con un 51% de capital estatal que concentre los activos fijos corrientes y no corrientes e intangibles en la Argentina y fuera de ella, hasta hoy propiedad de Vicent\u00edn SA, y sus vinculadas y controladas, para la continuidad de la explotaci\u00f3n.<\/p>\n<p>YPF, ser\u00eda el marco econ\u00f3mico y financiero adecuado para la tenencia del paquete accionario de la nueva empresa creada para la concentraci\u00f3n de los activos expropiados, dado su prestigio y envergadura de negocios y lo activos ser\u00edan transferidos a YPF Agro, una compa\u00f1\u00eda de la petrolera nacional que comercializa semillas, productos para la protecci\u00f3n y nutrici\u00f3n de cultivos, adem\u00e1s de silo bolsas y lubricantes. La regulaci\u00f3n se dejar\u00eda en manos de Ministerio de Agroindustria, AFIP, Aduana.<\/p>\n<p>Finalmente, se\u00f1ala que deber\u00e1n ser expropiados los puertos y dem\u00e1s activos de la operatoria log\u00edstica que conforman la integraci\u00f3n de la operaci\u00f3n agropecuaria y la totalidad de las operaciones financieras, y sus empresas subsidiarias ubicadas fuera del territorio. Para el proceso de expropiaci\u00f3n, actuar\u00e1 como expropiante el organismo que designe el Poder Ejecutivo Nacional.<\/p>\n<p>Luego del anuncio del presidente Alberto Fern\u00e1ndez en torno a la Intervenci\u00f3n del Grupo Vincent\u00edn, distintos legisladores del Frente de Todos, salieron a expresar su acompa\u00f1amiento. Para la senadora Mar\u00eda de los \u00c1ngeles Sacnun, la decisi\u00f3n es \u201cestrat\u00e9gica para la Econom\u00eda Nacional y para garantizar Arraigo y Soberan\u00eda Alimentaria en nuestro pa\u00eds.\u00a0 Esto tiene un impacto muy importante para la provincia de Santa Fe, no solamente porque se cuida a los acreedores que fueron damnificados por el concurso de la empresa, sino que tambi\u00e9n se cuida a los acreedores bancarios que tambi\u00e9n representan los ahorros del pueblo argentino y a los trabajadores y trabajadoras que eran esos sectores m\u00e1s desprotegidos y m\u00e1s nos preocupaba la situaci\u00f3n del concurso de la empresa\u201d.<\/p>\n<p>En la C\u00e1mara de Diputados, una de las primeras en expresarse en Twitter fue la diputada Fernanda Vallejos, quien semanas atr\u00e1s hab\u00eda instalado la idea de que el gobierno avanzara en la capitalizaci\u00f3n de empresas por parte del Estado. \u201cEl gobierno decidi\u00f3 la intervenci\u00f3n y pr\u00f3xima expropiaci\u00f3n de Vicent\u00edn, empresa l\u00edder en el mercado agropecuario argentino. El Estado garantizar\u00e1 la continuidad de la empresa, asegurando las fuentes de empleo de sus trabajadores\u201d, public\u00f3.<\/p>\n<p>Por su parte, Gabriela Cerruti poste\u00f3: \u201cLa expropiaci\u00f3n de Vicentin significa cuidar trabajadores, rescatar a peque\u00f1os productores, gobernar en pos de la soberan\u00eda alimentaria y entender que los nuevos tiempos necesitan que YPF trabaje sobre algo m\u00e1s que petr\u00f3leo. Esperamos con orgullo el proyecto en\u00a0 Diputados\u201d.<\/p>\n<p>En la oposici\u00f3n, el diputado de Juntos por el Cambio Luciano Laspina se adelant\u00f3 al comunicado que prepara el bloque y en su cuenta personal twitte\u00f3: \u201cTengo algunas dudas sobre la expropiaci\u00f3n de Vicentin a la luz del antecedente de YPF, que nos cost\u00f3 Usd 8.000 millones y un juicio por 13.000 millones en NY, y a\u00fan esperamos los beneficios. Por ahora solo tenemos que pagar el \u00b4barril criollo\u00b4\u2019 m\u00e1s caro para que no pierda Plata\u201d.<\/p>\n<p>\u201cNo abro juicio a\u00fan sobre la expropiaci\u00f3n de Vicentin. Solo aviso que ahora las millonarias deudas pasan a ser de todos los argentinos que pagan impuestos. Las ganancias futuras, ya veremos\u201d, finaliz\u00f3 el santafesino.<\/p>\n","protected":false},"excerpt":{"rendered":"<p>La iniciativa ingresar\u00eda formalmente en el Senado que preside Cristina Fern\u00e1ndez de Kirchner, y girar\u00eda\u00a0 a la Comisi\u00f3n de Presupuesto y Hacienda y a la de Asuntos Constitucionales. Luego del anuncio distintos legisladores del FdT, salieron a expresar su acompa\u00f1amiento &nbsp; El proyecto de Ley que enviar\u00e1 el Poder Ejecutivo al Congreso de la Naci\u00f3n busca declarar a Vicentin como una empresa de inter\u00e9s p\u00fablico y por tanto sujeta a expropiaci\u00f3n para que pase a formar parte de un fondo fiduciario que administrar\u00e1 YPF Agro, con lo que se replicar\u00e1&#8230;<\/p>\n","protected":false},"author":3,"featured_media":62691,"comment_status":"closed","ping_status":"closed","sticky":false,"template":"","format":"standard","meta":[],"categories":[18],"tags":[],"_links":{"self":[{"href":"https:\/\/www.actualidadadiario.com\/index.php\/wp-json\/wp\/v2\/posts\/62680"}],"collection":[{"href":"https:\/\/www.actualidadadiario.com\/index.php\/wp-json\/wp\/v2\/posts"}],"about":[{"href":"https:\/\/www.actualidadadiario.com\/index.php\/wp-json\/wp\/v2\/types\/post"}],"author":[{"embeddable":true,"href":"https:\/\/www.actualidadadiario.com\/index.php\/wp-json\/wp\/v2\/users\/3"}],"replies":[{"embeddable":true,"href":"https:\/\/www.actualidadadiario.com\/index.php\/wp-json\/wp\/v2\/comments?post=62680"}],"version-history":[{"count":1,"href":"https:\/\/www.actualidadadiario.com\/index.php\/wp-json\/wp\/v2\/posts\/62680\/revisions"}],"predecessor-version":[{"id":62682,"href":"https:\/\/www.actualidadadiario.com\/index.php\/wp-json\/wp\/v2\/posts\/62680\/revisions\/62682"}],"wp:featuredmedia":[{"embeddable":true,"href":"https:\/\/www.actualidadadiario.com\/index.php\/wp-json\/wp\/v2\/media\/62691"}],"wp:attachment":[{"href":"https:\/\/www.actualidadadiario.com\/index.php\/wp-json\/wp\/v2\/media?parent=62680"}],"wp:term":[{"taxonomy":"category","embeddable":true,"href":"https:\/\/www.actualidadadiario.com\/index.php\/wp-json\/wp\/v2\/categories?post=62680"},{"taxonomy":"post_tag","embeddable":true,"href":"https:\/\/www.actualidadadiario.com\/index.php\/wp-json\/wp\/v2\/tags?post=62680"}],"curies":[{"name":"wp","href":"https:\/\/api.w.org\/{rel}","templated":true}]}}