{"id":62677,"date":"2020-06-09T12:59:49","date_gmt":"2020-06-09T15:59:49","guid":{"rendered":"https:\/\/www.actualidadadiario.com\/?p=62677"},"modified":"2020-06-09T12:59:49","modified_gmt":"2020-06-09T15:59:49","slug":"rossi-se-realiza-el-despliegue-militar-mas-importante-desde-malvinas","status":"publish","type":"post","link":"https:\/\/www.actualidadadiario.com\/index.php\/2020\/06\/09\/rossi-se-realiza-el-despliegue-militar-mas-importante-desde-malvinas\/","title":{"rendered":"Rossi: &#8220;Se realiza el despliegue militar m\u00e1s importante desde Malvinas&#8221;"},"content":{"rendered":"<p style=\"text-align: center;\"><em><strong>El ministro de Defensa, Agust\u00edn Rossi, detall\u00f3 ante la comisi\u00f3n de Defensa de la C\u00e1mara de Diputados el despliegue de las fuerzas armadas en el operativo &#8220;General Manuel Belgrano&#8221;, durante la pandemia de coronavirus, y destac\u00f3 que es &#8220;el despliegue militar m\u00e1s importante desde la recuperaci\u00f3n de la democracia o desde (la guerra por las Islas) Malvinas&#8221;<\/strong><\/em><\/p>\n<p>&nbsp;<\/p>\n<p>&nbsp;<\/p>\n<p>De la reuni\u00f3n por videoconferencia encabezada por el titular de la comisi\u00f3n, Carlos Alberto Fern\u00e1ndez (UCR), participaron adem\u00e1s el jefe de Estado Mayor Conjunto, general de brigada Juan Mart\u00edn Paleo, y el comandante operacional, general de brigada Mart\u00edn Deimundo Escobal.<\/p>\n<p>El ministro advirti\u00f3 que una de las consignas centrales es &#8220;no relajarse en ning\u00fan lugar por m\u00e1s que la situaci\u00f3n aparezca como controlada&#8221;.<\/p>\n<p>&#8220;Nuestra consigna es no relajarse, incluso en aquellos lugares donde parece que est\u00e1 todo controlado&#8221;, asever\u00f3 el ministro ante una veintena de diputados que particip\u00f3 de la reuni\u00f3n virtual.<\/p>\n<p>Rossi detall\u00f3 que &#8220;del total de los efectivos, las fuerzas desplegaron 56.000, pero hay que tener en cuenta que los 80.000 que las integran est\u00e1n alineados&#8221;.<\/p>\n<p>Precis\u00f3 que &#8220;hubo seis infectados en operaciones&#8221; y que &#8220;hoy no hay ninguno&#8221;, y aclar\u00f3 que los contagios se produjeron &#8220;desde lo civil, no desde su lugar de trabajo, y dependiendo de la carga viral&#8221;.<\/p>\n<p>&#8220;El cuidado personal de cada uno de nuestros efectivos se ha tomado m\u00e1s que adecuadamente. Cuidarnos es la \u00fanica forma de poder seguir cuidando al resto&#8221;, complet\u00f3.<\/p>\n<p>Ante las consultas de los legisladores, remarc\u00f3: &#8220;Tenemos planificadas acciones por si se acent\u00faa m\u00e1s la situaci\u00f3n en alg\u00fan lado; estamos preparados para llevarlas adelante sin ning\u00fan tipo de problemas&#8221;.<\/p>\n<p>&#8220;No hay que relajarse en ning\u00fan lugar por m\u00e1s que la situaci\u00f3n aparezca como controlada. A la vista est\u00e1 el caso de Rada Tillly, que no tuvo casos en dos meses y medio y en los \u00faltimos d\u00edas sum\u00f3 cinco&#8221;, dijo.<\/p>\n<p>Rossi destac\u00f3 el hecho de &#8220;haber trabajado en todas las provincias, con todos los gobernadores, independientemente del signo pol\u00edtico que fueran&#8221;.<\/p>\n<p>El funcionario destac\u00f3 el trabajo de las fuerzas armadas e indic\u00f3 que se trata &#8220;del despliegue militar m\u00e1s importante desde la recuperaci\u00f3n de la democracia o desde Malvinas&#8221;.<\/p>\n<p>En un plano m\u00e1s general, el ex diputado nacional anticip\u00f3 que su intenci\u00f3n es trabajar en &#8220;la ley de personal militar y de reformulaci\u00f3n de las fuerzas armadas&#8221; por considerar que &#8220;alguna vez hay que reformar una ley con 50 a\u00f1os de vigencia&#8221;.<\/p>\n<p>Antes, Escobal traz\u00f3 un panorama de las acciones realizadas por las fuerzas armadas desde el 14 de marzo hasta hoy: &#8220;Se llevaron adelante 7.785 tareas con una dotaci\u00f3n de 61.598 personas y 8.905 veh\u00edculos&#8221;.<\/p>\n<p>&#8220;Trabajaron en todo el pa\u00eds 14 comandos conjuntos de zona de emergencia donde se asentaron militares de todas las fuerzas, que trabajan a requerimiento del Presidente de la Naci\u00f3n, del Ministerio de Defensa, gobernadores y en algunos casos, intendentes&#8221;, detall\u00f3 el comandante operacional.<\/p>\n<p>Para Escobal, &#8220;no afectar las instalaciones militares fue un factor de \u00e9xito, para que ninguno de los 80.000 militares est\u00e9 afectado por el virus&#8221;.<\/p>\n<p>Dijo tambi\u00e9n que &#8220;en este operativo se decidi\u00f3 acortar la cadena de comando por la situaci\u00f3n de emergencia sanitaria&#8221;.<\/p>\n","protected":false},"excerpt":{"rendered":"<p>El ministro de Defensa, Agust\u00edn Rossi, detall\u00f3 ante la comisi\u00f3n de Defensa de la C\u00e1mara de Diputados el despliegue de las fuerzas armadas en el operativo &#8220;General Manuel Belgrano&#8221;, durante la pandemia de coronavirus, y destac\u00f3 que es &#8220;el despliegue militar m\u00e1s importante desde la recuperaci\u00f3n de la democracia o desde (la guerra por las Islas) Malvinas&#8221; &nbsp; &nbsp; De la reuni\u00f3n por videoconferencia encabezada por el titular de la comisi\u00f3n, Carlos Alberto Fern\u00e1ndez (UCR), participaron adem\u00e1s el jefe de Estado Mayor Conjunto, general de brigada Juan Mart\u00edn Paleo, y&#8230;<\/p>\n","protected":false},"author":3,"featured_media":62678,"comment_status":"closed","ping_status":"closed","sticky":false,"template":"","format":"standard","meta":[],"categories":[18],"tags":[],"_links":{"self":[{"href":"https:\/\/www.actualidadadiario.com\/index.php\/wp-json\/wp\/v2\/posts\/62677"}],"collection":[{"href":"https:\/\/www.actualidadadiario.com\/index.php\/wp-json\/wp\/v2\/posts"}],"about":[{"href":"https:\/\/www.actualidadadiario.com\/index.php\/wp-json\/wp\/v2\/types\/post"}],"author":[{"embeddable":true,"href":"https:\/\/www.actualidadadiario.com\/index.php\/wp-json\/wp\/v2\/users\/3"}],"replies":[{"embeddable":true,"href":"https:\/\/www.actualidadadiario.com\/index.php\/wp-json\/wp\/v2\/comments?post=62677"}],"version-history":[{"count":1,"href":"https:\/\/www.actualidadadiario.com\/index.php\/wp-json\/wp\/v2\/posts\/62677\/revisions"}],"predecessor-version":[{"id":62679,"href":"https:\/\/www.actualidadadiario.com\/index.php\/wp-json\/wp\/v2\/posts\/62677\/revisions\/62679"}],"wp:featuredmedia":[{"embeddable":true,"href":"https:\/\/www.actualidadadiario.com\/index.php\/wp-json\/wp\/v2\/media\/62678"}],"wp:attachment":[{"href":"https:\/\/www.actualidadadiario.com\/index.php\/wp-json\/wp\/v2\/media?parent=62677"}],"wp:term":[{"taxonomy":"category","embeddable":true,"href":"https:\/\/www.actualidadadiario.com\/index.php\/wp-json\/wp\/v2\/categories?post=62677"},{"taxonomy":"post_tag","embeddable":true,"href":"https:\/\/www.actualidadadiario.com\/index.php\/wp-json\/wp\/v2\/tags?post=62677"}],"curies":[{"name":"wp","href":"https:\/\/api.w.org\/{rel}","templated":true}]}}