{"id":62665,"date":"2020-06-09T12:55:33","date_gmt":"2020-06-09T15:55:33","guid":{"rendered":"https:\/\/www.actualidadadiario.com\/?p=62665"},"modified":"2020-06-09T12:55:33","modified_gmt":"2020-06-09T15:55:33","slug":"misiones-frontera-con-brasil-dilata-nueva-normalidad","status":"publish","type":"post","link":"https:\/\/www.actualidadadiario.com\/index.php\/2020\/06\/09\/misiones-frontera-con-brasil-dilata-nueva-normalidad\/","title":{"rendered":"Misiones: frontera con Brasil dilata nueva normalidad"},"content":{"rendered":"<p style=\"text-align: center;\"><em><strong>El gobernador de Misiones, Oscar Herrera Ahuad, explic\u00f3 que debido al contexto de frontera de Misiones y a la realidad de la zona de frontera con Brasil la provincia no har\u00e1 ninguna apertura o cambio de etapa del Aislamiento Social Preventivo y Obligatorio (ASPO), en el marco de la nueva normalidad en la que ingres\u00f3 desde ayer la mayor\u00eda del pa\u00eds a partir de la publicaci\u00f3n del decreto nacional<\/strong><\/em><\/p>\n<p>&nbsp;<\/p>\n<p>&nbsp;<\/p>\n<p>El mandatario explic\u00f3 que \u201cla pandemia no es una foto, \u201csino una pel\u00edcula que se ve d\u00eda a d\u00eda. El movimiento epidemiol\u00f3gico de Misiones no es el mismo de otras provincias\u201d. \u201cCuando uno ve el mapa de nuestra provincia, ve que como desde el Brasil hay una tremenda amenaza porque alrededor de Misiones suman de a cientos y cientos los casos de esta enfermedad. A esto hay que sumarle que a la provincia han ingresado m\u00e1s de 2000 personas de otros lugares de altos contagios, y tienen 14 d\u00edas y en esos d\u00edas pueden aparecer personas sintom\u00e1ticas\u201d, precis\u00f3 en una conferencia de prensa.<\/p>\n<p>Coment\u00f3 que \u201cel movimiento epidemiol\u00f3gico nosotros lo vamos monitoreando hora tras hora. Y las aperturas o los cierres de las actividades lo vamos a ir dando de acuerdo a como se vaya dando en este movimiento la epidemia\u201d.<\/p>\n<p>\u201cPor eso cuando me dicen: \u2018Nosotros entramos a tal etapa\u2019. No, nosotros no entramos a ninguna nueva etapa. Es lo que hemos determinado por protocolo sanitario, de esta manera en la evaluaci\u00f3n diaria de la enfermedad en la regi\u00f3n\u201d, afirm\u00f3.<\/p>\n<p>&nbsp;<\/p>\n<p><strong>Clases presenciales<\/strong><\/p>\n<p>Sobre la vuelta a las aulas de los estudiantes, Herrera Ahuad dijo que seguir\u00e1n trabajando para que los chicos regresen a las aulas en la medida en que las condiciones epidemiol\u00f3gicas sean m\u00e1s favorables.<\/p>\n<p>A diferencia de Jujuy, San Juan y Catamarca cuyos gobernadores plantearon al presidente Alberto Fern\u00e1ndez la posibilidad de retomar las clases antes de agosto en las escuelas rurales, el misionero descart\u00f3 la posibilidad. \u201cMuchas de las escuelas rurales de la provincia est\u00e1n en zona de frontera con Brasil y esto representa un alto riesgo porque en ese pa\u00eds hay miles y miles de afectados con el Covid-19. No podemos habilitar las clases en las escuelas rurales de localidades como Cerr\u00f3 Cor\u00e1 o Cerro Azul y dejar cerradas las aulas en El Soberbio. Por eso, prefiero ser conservador en este punto, priorizando la salud de nuestra poblaci\u00f3n\u201d, asegur\u00f3.<\/p>\n<p>&nbsp;<\/p>\n<p><strong>Transporte y turismo<\/strong><\/p>\n<p>Respecto a la rehabilitaci\u00f3n del transporte provincial Herrera Ahuad dijo que se har\u00e1 una evaluaci\u00f3n en el transcurso de la semana. \u201cEl transporte de media distancia es muy reclamado y lo entiendo, pero tambi\u00e9n se debe entender que es el movilizador m\u00e1s importante que se tiene en cuando a la posibilidad de contagio por eso debemos garantizar una seguridad epidemiol\u00f3gica\u201d.<\/p>\n<p>En cuanto al turismo interno el mandatario provincial dijo que tambi\u00e9n se est\u00e1 evaluando \u201ccomo todas las actividades. Esto es extremadamente din\u00e1mico y con esta determinaci\u00f3n de ir con certeza hasta el momento no tuvimos que dar marcha atr\u00e1s\u201d.<\/p>\n","protected":false},"excerpt":{"rendered":"<p>El gobernador de Misiones, Oscar Herrera Ahuad, explic\u00f3 que debido al contexto de frontera de Misiones y a la realidad de la zona de frontera con Brasil la provincia no har\u00e1 ninguna apertura o cambio de etapa del Aislamiento Social Preventivo y Obligatorio (ASPO), en el marco de la nueva normalidad en la que ingres\u00f3 desde ayer la mayor\u00eda del pa\u00eds a partir de la publicaci\u00f3n del decreto nacional &nbsp; &nbsp; El mandatario explic\u00f3 que \u201cla pandemia no es una foto, \u201csino una pel\u00edcula que se ve d\u00eda a d\u00eda&#8230;.<\/p>\n","protected":false},"author":3,"featured_media":62666,"comment_status":"closed","ping_status":"closed","sticky":false,"template":"","format":"standard","meta":[],"categories":[2],"tags":[],"_links":{"self":[{"href":"https:\/\/www.actualidadadiario.com\/index.php\/wp-json\/wp\/v2\/posts\/62665"}],"collection":[{"href":"https:\/\/www.actualidadadiario.com\/index.php\/wp-json\/wp\/v2\/posts"}],"about":[{"href":"https:\/\/www.actualidadadiario.com\/index.php\/wp-json\/wp\/v2\/types\/post"}],"author":[{"embeddable":true,"href":"https:\/\/www.actualidadadiario.com\/index.php\/wp-json\/wp\/v2\/users\/3"}],"replies":[{"embeddable":true,"href":"https:\/\/www.actualidadadiario.com\/index.php\/wp-json\/wp\/v2\/comments?post=62665"}],"version-history":[{"count":1,"href":"https:\/\/www.actualidadadiario.com\/index.php\/wp-json\/wp\/v2\/posts\/62665\/revisions"}],"predecessor-version":[{"id":62667,"href":"https:\/\/www.actualidadadiario.com\/index.php\/wp-json\/wp\/v2\/posts\/62665\/revisions\/62667"}],"wp:featuredmedia":[{"embeddable":true,"href":"https:\/\/www.actualidadadiario.com\/index.php\/wp-json\/wp\/v2\/media\/62666"}],"wp:attachment":[{"href":"https:\/\/www.actualidadadiario.com\/index.php\/wp-json\/wp\/v2\/media?parent=62665"}],"wp:term":[{"taxonomy":"category","embeddable":true,"href":"https:\/\/www.actualidadadiario.com\/index.php\/wp-json\/wp\/v2\/categories?post=62665"},{"taxonomy":"post_tag","embeddable":true,"href":"https:\/\/www.actualidadadiario.com\/index.php\/wp-json\/wp\/v2\/tags?post=62665"}],"curies":[{"name":"wp","href":"https:\/\/api.w.org\/{rel}","templated":true}]}}