{"id":62662,"date":"2020-06-09T12:54:51","date_gmt":"2020-06-09T15:54:51","guid":{"rendered":"https:\/\/www.actualidadadiario.com\/?p=62662"},"modified":"2020-06-09T12:54:51","modified_gmt":"2020-06-09T15:54:51","slug":"argentina-adopto-la-definicion-de-antisemitismo-aprobada-por-la-ihra","status":"publish","type":"post","link":"https:\/\/www.actualidadadiario.com\/index.php\/2020\/06\/09\/argentina-adopto-la-definicion-de-antisemitismo-aprobada-por-la-ihra\/","title":{"rendered":"Argentina adopt\u00f3 la definici\u00f3n de antisemitismo aprobada por la IHRA"},"content":{"rendered":"<p style=\"text-align: center;\"><em><strong>El Gobierno Nacional introdujo hoy en el \u00e1mbito del sector p\u00fablico nacional la definici\u00f3n de antisemitismo aprobada por la Alianza Internacional para el Recuerdo del Holocausto (IHRA) hace cuatro a\u00f1os, con el fin de &#8220;contribuir a la lucha en todas sus formas&#8221; contra esa actitud<\/strong><\/em><\/p>\n<p>&nbsp;<\/p>\n<p>&nbsp;<\/p>\n<p>La decisi\u00f3n, publicada en el Bolet\u00edn Oficial, recuerda que la Constituci\u00f3n &#8220;consagra con jerarqu\u00eda constitucional a diversos tratados y convenciones sobre derechos humanos, estableciendo que deben entenderse complementarios de los derechos y garant\u00edas reconocidos por la primera parte de la carta magna&#8221;.<\/p>\n<p>La norma reafirma que &#8220;la lucha contra cualquier forma de discriminaci\u00f3n, incluyendo el antisemitismo, es una pol\u00edtica de Estado en el pa\u00eds y por ello la Argentina participa activamente en todas las iniciativas internacionales y regionales destinadas a combatir ese flagelo&#8221;.<\/p>\n<p>Cabe recordar tambi\u00e9n que &#8220;ese compromiso fue reiterado y reafirmado&#8221; por el presidente Alberto Fern\u00e1ndez en su viaje a Israel, en el marco del Quinto Foro Mundial del Holocausto, que tuvo lugar el 23 de enero pasado, para conmemorar el 75\u00ba aniversario de la liberaci\u00f3n de Auschwitz y el D\u00eda Internacional de Conmemoraci\u00f3n del Holocausto.<\/p>\n<p>La resoluci\u00f3n del Gobierno Nacional indica que la nueva definici\u00f3n de antisemitismo que se adopta en todo el \u00e1mbito del sector p\u00fablico nacional, hab\u00eda sido aprobada por la Alianza Internacional para el Recuerdo del Holocausto (IHRA) el 26 de mayo de 2016.<\/p>\n<p>En aquella oportunidad los 31 pa\u00edses miembros de la IHRA adoptaron la definici\u00f3n pr\u00e1ctica, jur\u00eddicamente no vinculante, de antisemitismo, como una gu\u00eda de trabajo para \u201cdeterminar qu\u00e9 tipo de conductas pueden ser consideradas antisemitas y ser llevadas a cabo en la vida p\u00fablica, en medios de comunicaci\u00f3n, en instituciones educativas, en ambientes laborales y religiosos&#8221;.<\/p>\n<p>La definici\u00f3n acordada en aquel foro internacional constituye tambi\u00e9n una herramienta para contribuir a la sanci\u00f3n y eliminaci\u00f3n de conductas y actitudes basadas en la hostilidad y los prejuicios, y est\u00e1 destinada a reforzar las medidas de prevenci\u00f3n y a ahondar en la educaci\u00f3n del \u201crespeto por la pluralidad&#8221;.<\/p>\n<p>&nbsp;<\/p>\n<p><strong>Qu\u00e9 dice la resoluci\u00f3n de la Alianza Internacional para el Recuerdo del Holocausto<\/strong><\/p>\n<p>La definici\u00f3n adoptada ahora por la Argentina dice textualmente dice: \u201cEl antisemitismo es una cierta percepci\u00f3n de los jud\u00edos que puede expresarse como el odio a los jud\u00edos. Las manifestaciones f\u00edsicas y ret\u00f3ricas del antisemitismo se dirigen a las personas jud\u00edas o no jud\u00edas y\/o a sus bienes, a las instituciones de las comunidades jud\u00edas y a sus lugares de culto\u201d.<\/p>\n<p>La norma publicada en el Bolet\u00edn Oficial se\u00f1ala que se adopt\u00f3 esa determinaci\u00f3n con la &#8220;finalidad de contribuir a la lucha contra el antisemitismo en todas sus formas, colaborar en la construcci\u00f3n de una cultura de prevenci\u00f3n de la hostilidad y la violencia a que llevan los prejuicios y la intolerancia&#8221;.<\/p>\n<p>La resoluci\u00f3n invita a los poderes legislativos y judiciales, como as\u00ed tambi\u00e9n a los 24 distritos del pa\u00eds a adoptar similar medida, as\u00ed como tambi\u00e9n a instituciones p\u00fablicas y privadas.<\/p>\n","protected":false},"excerpt":{"rendered":"<p>El Gobierno Nacional introdujo hoy en el \u00e1mbito del sector p\u00fablico nacional la definici\u00f3n de antisemitismo aprobada por la Alianza Internacional para el Recuerdo del Holocausto (IHRA) hace cuatro a\u00f1os, con el fin de &#8220;contribuir a la lucha en todas sus formas&#8221; contra esa actitud &nbsp; &nbsp; La decisi\u00f3n, publicada en el Bolet\u00edn Oficial, recuerda que la Constituci\u00f3n &#8220;consagra con jerarqu\u00eda constitucional a diversos tratados y convenciones sobre derechos humanos, estableciendo que deben entenderse complementarios de los derechos y garant\u00edas reconocidos por la primera parte de la carta magna&#8221;. La&#8230;<\/p>\n","protected":false},"author":3,"featured_media":62663,"comment_status":"closed","ping_status":"closed","sticky":false,"template":"","format":"standard","meta":[],"categories":[2],"tags":[],"_links":{"self":[{"href":"https:\/\/www.actualidadadiario.com\/index.php\/wp-json\/wp\/v2\/posts\/62662"}],"collection":[{"href":"https:\/\/www.actualidadadiario.com\/index.php\/wp-json\/wp\/v2\/posts"}],"about":[{"href":"https:\/\/www.actualidadadiario.com\/index.php\/wp-json\/wp\/v2\/types\/post"}],"author":[{"embeddable":true,"href":"https:\/\/www.actualidadadiario.com\/index.php\/wp-json\/wp\/v2\/users\/3"}],"replies":[{"embeddable":true,"href":"https:\/\/www.actualidadadiario.com\/index.php\/wp-json\/wp\/v2\/comments?post=62662"}],"version-history":[{"count":1,"href":"https:\/\/www.actualidadadiario.com\/index.php\/wp-json\/wp\/v2\/posts\/62662\/revisions"}],"predecessor-version":[{"id":62664,"href":"https:\/\/www.actualidadadiario.com\/index.php\/wp-json\/wp\/v2\/posts\/62662\/revisions\/62664"}],"wp:featuredmedia":[{"embeddable":true,"href":"https:\/\/www.actualidadadiario.com\/index.php\/wp-json\/wp\/v2\/media\/62663"}],"wp:attachment":[{"href":"https:\/\/www.actualidadadiario.com\/index.php\/wp-json\/wp\/v2\/media?parent=62662"}],"wp:term":[{"taxonomy":"category","embeddable":true,"href":"https:\/\/www.actualidadadiario.com\/index.php\/wp-json\/wp\/v2\/categories?post=62662"},{"taxonomy":"post_tag","embeddable":true,"href":"https:\/\/www.actualidadadiario.com\/index.php\/wp-json\/wp\/v2\/tags?post=62662"}],"curies":[{"name":"wp","href":"https:\/\/api.w.org\/{rel}","templated":true}]}}