{"id":62660,"date":"2020-06-09T12:54:08","date_gmt":"2020-06-09T15:54:08","guid":{"rendered":"https:\/\/www.actualidadadiario.com\/?p=62660"},"modified":"2020-06-09T12:54:08","modified_gmt":"2020-06-09T15:54:08","slug":"los-vuelos-volverian-en-julio","status":"publish","type":"post","link":"https:\/\/www.actualidadadiario.com\/index.php\/2020\/06\/09\/los-vuelos-volverian-en-julio\/","title":{"rendered":"Los vuelos volver\u00edan en julio"},"content":{"rendered":"<p style=\"text-align: center;\"><em><strong>El Ministro de Transporte de la Naci\u00f3n, Mario Meoni, adelant\u00f3 que los vuelos de cabotaje retornar\u00edan a mediados del mes pr\u00f3ximo. \u201cCon Aerol\u00edneas Argentinas y con la ANAC, que es el organismo de regulaci\u00f3n, avanzamos con un protocolo y la semana que viene (en referencia a esta) nos vamos a reunir con el Ministerio de Salud a los efectos de verificar si ese protocolo es correcto porque entendemos que hay muchos destinos que seguramente se van a empezar a abrir a mediados de julio, fines de julio como m\u00e1ximo\u201d, asegur\u00f3 en declaraciones a AM 750 formuladas el fin de semana<\/strong><\/em><\/p>\n<p>&nbsp;<\/p>\n<p>&nbsp;<\/p>\n<p>Pese al anticipo, el funcionario se mostr\u00f3 cauteloso y dej\u00f3 en claro que depender\u00e1 de c\u00f3mo evolucione la pandemia. \u201cTendr\u00e1 que ver tambi\u00e9n con la realidad de cada una de las provincias receptoras. Pretendemos es llegar a un esquema de 32 vuelos semanales. Parece mucho pero es muy poco respecto de lo que se vuela habitualmente\u201d, agreg\u00f3. Los vuelos de cabotaje podr\u00edan reiniciarse con una ocupaci\u00f3n del 70 por ciento. Mientras tanto, para los vuelos internacionales habr\u00eda que esperar hasta septiembre.<\/p>\n<p>Durante la semana pasada, se hab\u00eda deslizado la posibilidad, desde la ANAC, de que en el per\u00edodo de vacaciones de invierno se permitieran los vuelos internos entre destinos sin casos recientes de coronavirus. La \u00faltima palabra la tendr\u00e1 el ministerio de Salud. La apertura de los vuelos es un reclamo que ya se elev\u00f3 desde aerol\u00edneas &#8220;low cost&#8221; y agencias de turismo al ministro de Turismo y Deportes, Mat\u00edas Lammens, en un sector completamente parado por la crisis del coronavirus.<\/p>\n<p>Las vacaciones de invierno ser\u00e1n del 20 al 31 de julio en la Ciudad de Buenos Aires, Jujuy, Santa Cruz, Santiago del Estero y Tierra del Fuego. Por su parte, en Chubut, La Rioja, Mendoza y Neuqu\u00e9n, ser\u00e1n del 6 al 17 de julio. En las otras 15 provincias, entre ellas Buenos Aires, C\u00f3rdoba y Santa Fe, tendr\u00e1n lugar entre el 13 y el 24 de julio.<\/p>\n<p>El ministro Meoni valor\u00f3 la importancia de Aerol\u00edneas Argentinas en el contexto actual y se\u00f1al\u00f3 que &#8220;si hoy tenemos vuelos hacia el sur y podemos conectar provincias argentinas con Buenos Aires es porque hay una l\u00ednea de bandera que vuela m\u00e1s all\u00e1 de la cantidad de pasajes vendidos\u201d. Adem\u00e1s, dijo que varios de esos vuelos se realizan para el env\u00edo de medicamentos u otros elementos b\u00e1sicos.<\/p>\n<p>El titular de la cartera de Transporte recalc\u00f3 que el transporte no es el principal foco de contagio. \u201cDonde han aparecido brotes de coronavirus en el interior de pa\u00eds no es a causa del transporte porque no hay transporte interjurisdiccional, vuelos de cabotaje o viajes de larga distancia, sino que tienen que ver con las personas que van a un determinado lugar y no cumplen con los requisitos de distanciamiento social\u201d, asegur\u00f3, al tiempo que puntualiz\u00f3 la importancia de cumplir con el uso del tapaboca, el lavado de manos o evitar la circulaci\u00f3n. \u201cNo se trata s\u00f3lo de en qu\u00e9 medio viaja sino c\u00f3mo se cuida en cada uno de los puntos en que esa persona se mueve\u201d, a\u00f1adi\u00f3.<\/p>\n","protected":false},"excerpt":{"rendered":"<p>El Ministro de Transporte de la Naci\u00f3n, Mario Meoni, adelant\u00f3 que los vuelos de cabotaje retornar\u00edan a mediados del mes pr\u00f3ximo. \u201cCon Aerol\u00edneas Argentinas y con la ANAC, que es el organismo de regulaci\u00f3n, avanzamos con un protocolo y la semana que viene (en referencia a esta) nos vamos a reunir con el Ministerio de Salud a los efectos de verificar si ese protocolo es correcto porque entendemos que hay muchos destinos que seguramente se van a empezar a abrir a mediados de julio, fines de julio como m\u00e1ximo\u201d, asegur\u00f3&#8230;<\/p>\n","protected":false},"author":3,"featured_media":59085,"comment_status":"closed","ping_status":"closed","sticky":false,"template":"","format":"standard","meta":[],"categories":[2],"tags":[],"_links":{"self":[{"href":"https:\/\/www.actualidadadiario.com\/index.php\/wp-json\/wp\/v2\/posts\/62660"}],"collection":[{"href":"https:\/\/www.actualidadadiario.com\/index.php\/wp-json\/wp\/v2\/posts"}],"about":[{"href":"https:\/\/www.actualidadadiario.com\/index.php\/wp-json\/wp\/v2\/types\/post"}],"author":[{"embeddable":true,"href":"https:\/\/www.actualidadadiario.com\/index.php\/wp-json\/wp\/v2\/users\/3"}],"replies":[{"embeddable":true,"href":"https:\/\/www.actualidadadiario.com\/index.php\/wp-json\/wp\/v2\/comments?post=62660"}],"version-history":[{"count":1,"href":"https:\/\/www.actualidadadiario.com\/index.php\/wp-json\/wp\/v2\/posts\/62660\/revisions"}],"predecessor-version":[{"id":62661,"href":"https:\/\/www.actualidadadiario.com\/index.php\/wp-json\/wp\/v2\/posts\/62660\/revisions\/62661"}],"wp:featuredmedia":[{"embeddable":true,"href":"https:\/\/www.actualidadadiario.com\/index.php\/wp-json\/wp\/v2\/media\/59085"}],"wp:attachment":[{"href":"https:\/\/www.actualidadadiario.com\/index.php\/wp-json\/wp\/v2\/media?parent=62660"}],"wp:term":[{"taxonomy":"category","embeddable":true,"href":"https:\/\/www.actualidadadiario.com\/index.php\/wp-json\/wp\/v2\/categories?post=62660"},{"taxonomy":"post_tag","embeddable":true,"href":"https:\/\/www.actualidadadiario.com\/index.php\/wp-json\/wp\/v2\/tags?post=62660"}],"curies":[{"name":"wp","href":"https:\/\/api.w.org\/{rel}","templated":true}]}}