{"id":62655,"date":"2020-06-09T12:52:32","date_gmt":"2020-06-09T15:52:32","guid":{"rendered":"https:\/\/www.actualidadadiario.com\/?p=62655"},"modified":"2020-06-09T12:52:32","modified_gmt":"2020-06-09T15:52:32","slug":"no-van-a-quebrarme-voy-a-seguir-trabajando-con-dirigentes-opositores","status":"publish","type":"post","link":"https:\/\/www.actualidadadiario.com\/index.php\/2020\/06\/09\/no-van-a-quebrarme-voy-a-seguir-trabajando-con-dirigentes-opositores\/","title":{"rendered":"&#8220;No van a quebrarme, voy a seguir trabajando con dirigentes opositores&#8221;"},"content":{"rendered":"<p style=\"text-align: center;\"><em><strong>El Presidente afirm\u00f3 que, en tiempos de pandemia por coronavirus, &#8220;no es momento de hacer pol\u00edtica&#8221; partidaria y asegur\u00f3 que seguir\u00e1 trabajando junto a mandatarios opositores como Horacio Rodr\u00edguez Larreta o Gerardo Morales<\/strong><\/em><\/p>\n<p>&nbsp;<\/p>\n<p>El presidente Alberto Fern\u00e1ndez afirm\u00f3 hoy que, en tiempos de pandemia por coronavirus, &#8220;no es momento de hacer pol\u00edtica&#8221; partidaria y asegur\u00f3 que seguir\u00e1 trabajando junto a mandatarios opositores como Horacio Rodr\u00edguez Larreta o Gerardo Morales.<\/p>\n<p>&#8220;Seguro piensan distinto a m\u00ed en muchas cosas, pero en este momento de pandemia, no van a quebrarme. Voy a seguir trabajando con ellos todo lo que sea necesario porque no es momento para hacer pol\u00edtica. Ya habr\u00e1 tiempo para hacerlo&#8221;, dijo el mandatario en declaraciones formuladas esta ma\u00f1ana a la FM Radio Con Vos.<\/p>\n","protected":false},"excerpt":{"rendered":"<p>El Presidente afirm\u00f3 que, en tiempos de pandemia por coronavirus, &#8220;no es momento de hacer pol\u00edtica&#8221; partidaria y asegur\u00f3 que seguir\u00e1 trabajando junto a mandatarios opositores como Horacio Rodr\u00edguez Larreta o Gerardo Morales &nbsp; El presidente Alberto Fern\u00e1ndez afirm\u00f3 hoy que, en tiempos de pandemia por coronavirus, &#8220;no es momento de hacer pol\u00edtica&#8221; partidaria y asegur\u00f3 que seguir\u00e1 trabajando junto a mandatarios opositores como Horacio Rodr\u00edguez Larreta o Gerardo Morales. &#8220;Seguro piensan distinto a m\u00ed en muchas cosas, pero en este momento de pandemia, no van a quebrarme. Voy a&#8230;<\/p>\n","protected":false},"author":3,"featured_media":62656,"comment_status":"closed","ping_status":"closed","sticky":false,"template":"","format":"standard","meta":[],"categories":[9],"tags":[],"_links":{"self":[{"href":"https:\/\/www.actualidadadiario.com\/index.php\/wp-json\/wp\/v2\/posts\/62655"}],"collection":[{"href":"https:\/\/www.actualidadadiario.com\/index.php\/wp-json\/wp\/v2\/posts"}],"about":[{"href":"https:\/\/www.actualidadadiario.com\/index.php\/wp-json\/wp\/v2\/types\/post"}],"author":[{"embeddable":true,"href":"https:\/\/www.actualidadadiario.com\/index.php\/wp-json\/wp\/v2\/users\/3"}],"replies":[{"embeddable":true,"href":"https:\/\/www.actualidadadiario.com\/index.php\/wp-json\/wp\/v2\/comments?post=62655"}],"version-history":[{"count":1,"href":"https:\/\/www.actualidadadiario.com\/index.php\/wp-json\/wp\/v2\/posts\/62655\/revisions"}],"predecessor-version":[{"id":62657,"href":"https:\/\/www.actualidadadiario.com\/index.php\/wp-json\/wp\/v2\/posts\/62655\/revisions\/62657"}],"wp:featuredmedia":[{"embeddable":true,"href":"https:\/\/www.actualidadadiario.com\/index.php\/wp-json\/wp\/v2\/media\/62656"}],"wp:attachment":[{"href":"https:\/\/www.actualidadadiario.com\/index.php\/wp-json\/wp\/v2\/media?parent=62655"}],"wp:term":[{"taxonomy":"category","embeddable":true,"href":"https:\/\/www.actualidadadiario.com\/index.php\/wp-json\/wp\/v2\/categories?post=62655"},{"taxonomy":"post_tag","embeddable":true,"href":"https:\/\/www.actualidadadiario.com\/index.php\/wp-json\/wp\/v2\/tags?post=62655"}],"curies":[{"name":"wp","href":"https:\/\/api.w.org\/{rel}","templated":true}]}}