{"id":62646,"date":"2020-06-09T12:50:00","date_gmt":"2020-06-09T15:50:00","guid":{"rendered":"https:\/\/www.actualidadadiario.com\/?p=62646"},"modified":"2020-06-09T12:50:00","modified_gmt":"2020-06-09T15:50:00","slug":"hallaron-trabajadores-reducidos-a-condicion-de-servidumbre-en-zona-forestal-de-concordia","status":"publish","type":"post","link":"https:\/\/www.actualidadadiario.com\/index.php\/2020\/06\/09\/hallaron-trabajadores-reducidos-a-condicion-de-servidumbre-en-zona-forestal-de-concordia\/","title":{"rendered":"Hallaron trabajadores reducidos a condici\u00f3n de servidumbre en zona forestal de Concordia"},"content":{"rendered":"<p style=\"text-align: center;\"><em><strong>Tres personas fueron halladas en un campo forestal de la zona de Concordia. Resid\u00edan en una construcci\u00f3n sin las m\u00ednimas condiciones de habitabilidad. Se trata de un capataz de 43 a\u00f1os que tiene a su cargo el cuidado de un campo de m\u00e1s de 60 hect\u00e1reas con eucalipto y pino, una se\u00f1ora de unos 40 a\u00f1os que colabora con el mismo junto a su hijo de 20 a\u00f1os de edad<\/strong><\/em><\/p>\n<p>&nbsp;<\/p>\n<p>&nbsp;<\/p>\n<p>Los tres realizaban tareas de desmonte y limpieza. Seg\u00fan confirmaron las autoridades, estaban &#8220;en absoluto estado de abandono ya que su empleador no se hac\u00eda presente desde hace varios meses&#8221;.<\/p>\n<p>Seg\u00fan se inform\u00f3, estos trabajadores estaban reducidos a condici\u00f3n de servidumbre.<\/p>\n<p>El abogado Mariano Giampaolo precis\u00f3 que le procedimiento de la Direcci\u00f3n de Trabajo se hizo en la zona de Colonia Ayu\u00ed y dio detalles de las paup\u00e9rrimas condiciones en que las v\u00edctimas se encontraban.<\/p>\n<p>Cont\u00f3 que &#8220;desde hace much\u00edsimos meses ven\u00edan trabajando por la comida, puesto que no se les abonaba el sueldo. En este \u00faltimo mes la situaci\u00f3n se precipit\u00f3 m\u00e1s fuertemente ya que ni siquiera les alcanzaban la comida, al punto tal que cazaban en la zona para poder comer. Esto se agrav\u00f3 m\u00e1s con una infecci\u00f3n importante en la pierna de uno de los trabajadores que est\u00e1n sin ning\u00fan tipo de atenci\u00f3n&#8221;.<\/p>\n<p>Por estas horas, los organismos oficiales est\u00e1n abocados &#8220;a darles la contenci\u00f3n humanitaria que merece cualquier persona&#8221;.<\/p>\n<p>&nbsp;<\/p>\n<p><strong>Desesperados de hambre<\/strong><\/p>\n<p>El profesional dio cuenta de que &#8220;es una forestaci\u00f3n muy alejada de las zonas urbanas. Esta gente, con pocos recursos personales para acercarse a un centro urbano, depend\u00eda de la buena voluntad del empleador de acercarse al lugar. Esto suced\u00eda muy espor\u00e1dicamente. Los trabajadores &#8220;soportaron durante meses esta situaci\u00f3n&#8221;, que lleg\u00f3 a un extremo en que &#8220;desesperados hasta por el hambre empezaron a requerir ayuda a los organismos&#8221;.<\/p>\n<p>&nbsp;<\/p>\n<p><strong>Buscan a los responsables<\/strong><\/p>\n<p>&#8220;Recibimos informaci\u00f3n extraoficial sobre los propietarios del lugar, pero no tenemos confirmado qui\u00e9nes ser\u00edan los empleadores&#8221;, dijo Giampaolo.<\/p>\n<p>&#8220;Estas situaciones hablan muy mal de algunas personas que no tienen empat\u00eda al ver al otro sufrir, m\u00e1s all\u00e1 de su condiciones empresarios, de que ganen o pierdan&#8221;, declar\u00f3. Y acot\u00f3: &#8220;Hay un joven que tiene problemas para interrelacionarse con otras personas. Estas situaciones de fragilidad son aprovechadas por quienes no sienten lo m\u00e1s m\u00ednimo el dolor ajeno&#8221;.<\/p>\n<p>Las v\u00edctimas son oriundas de la ciudad de Concordia y &#8220;desde hace m\u00e1s de 15 a\u00f1os estaban en este campo. El padre de ellos tiene toda una historia en torno al trabajo rural mal entendido&#8221;, manifest\u00f3 el abogado quien cuestion\u00f3 &#8220;el uso y abuso de las personas. Las condiciones de servidumbre son repugnantes a cualquier an\u00e1lisis que uno pueda hacer&#8221;.<\/p>\n<p>Sobre la lesi\u00f3n en la pierna, Giampaolo refiri\u00f3 que aguardan los resultados de los estudios m\u00e9dicos para determinar si se trata de &#8220;una intoxicaci\u00f3n, envenenamiento, erupci\u00f3n en la piel o tiene que ver con una enfermedad vascular&#8221;.<\/p>\n","protected":false},"excerpt":{"rendered":"<p>Tres personas fueron halladas en un campo forestal de la zona de Concordia. Resid\u00edan en una construcci\u00f3n sin las m\u00ednimas condiciones de habitabilidad. Se trata de un capataz de 43 a\u00f1os que tiene a su cargo el cuidado de un campo de m\u00e1s de 60 hect\u00e1reas con eucalipto y pino, una se\u00f1ora de unos 40 a\u00f1os que colabora con el mismo junto a su hijo de 20 a\u00f1os de edad &nbsp; &nbsp; Los tres realizaban tareas de desmonte y limpieza. Seg\u00fan confirmaron las autoridades, estaban &#8220;en absoluto estado de abandono&#8230;<\/p>\n","protected":false},"author":3,"featured_media":62647,"comment_status":"closed","ping_status":"closed","sticky":false,"template":"","format":"standard","meta":[],"categories":[15],"tags":[],"_links":{"self":[{"href":"https:\/\/www.actualidadadiario.com\/index.php\/wp-json\/wp\/v2\/posts\/62646"}],"collection":[{"href":"https:\/\/www.actualidadadiario.com\/index.php\/wp-json\/wp\/v2\/posts"}],"about":[{"href":"https:\/\/www.actualidadadiario.com\/index.php\/wp-json\/wp\/v2\/types\/post"}],"author":[{"embeddable":true,"href":"https:\/\/www.actualidadadiario.com\/index.php\/wp-json\/wp\/v2\/users\/3"}],"replies":[{"embeddable":true,"href":"https:\/\/www.actualidadadiario.com\/index.php\/wp-json\/wp\/v2\/comments?post=62646"}],"version-history":[{"count":1,"href":"https:\/\/www.actualidadadiario.com\/index.php\/wp-json\/wp\/v2\/posts\/62646\/revisions"}],"predecessor-version":[{"id":62648,"href":"https:\/\/www.actualidadadiario.com\/index.php\/wp-json\/wp\/v2\/posts\/62646\/revisions\/62648"}],"wp:featuredmedia":[{"embeddable":true,"href":"https:\/\/www.actualidadadiario.com\/index.php\/wp-json\/wp\/v2\/media\/62647"}],"wp:attachment":[{"href":"https:\/\/www.actualidadadiario.com\/index.php\/wp-json\/wp\/v2\/media?parent=62646"}],"wp:term":[{"taxonomy":"category","embeddable":true,"href":"https:\/\/www.actualidadadiario.com\/index.php\/wp-json\/wp\/v2\/categories?post=62646"},{"taxonomy":"post_tag","embeddable":true,"href":"https:\/\/www.actualidadadiario.com\/index.php\/wp-json\/wp\/v2\/tags?post=62646"}],"curies":[{"name":"wp","href":"https:\/\/api.w.org\/{rel}","templated":true}]}}