{"id":62635,"date":"2020-06-09T12:47:05","date_gmt":"2020-06-09T15:47:05","guid":{"rendered":"https:\/\/www.actualidadadiario.com\/?p=62635"},"modified":"2020-06-09T12:47:05","modified_gmt":"2020-06-09T15:47:05","slug":"se-coordinan-las-tareas-para-la-puesta-en-marcha-del-programa-argentina-construye","status":"publish","type":"post","link":"https:\/\/www.actualidadadiario.com\/index.php\/2020\/06\/09\/se-coordinan-las-tareas-para-la-puesta-en-marcha-del-programa-argentina-construye\/","title":{"rendered":"Se coordinan las tareas para la puesta en marcha del Programa Argentina Construye"},"content":{"rendered":"<p style=\"text-align: center;\"><em><strong>El ministro de Planeamiento, Marcelo Richard, recibi\u00f3 a su par de Desarrollo Social, Marisa Paira, y al presidente del IAPV, Marcelo Bisogni, para abordar los alcances del programa Argentina Construye y evaluar los pasos a seguir para su implementaci\u00f3n<\/strong><\/em><\/p>\n<p>&nbsp;<\/p>\n<p>&nbsp;<\/p>\n<p>\u201cEs un programa que ha priorizado el gobernador Bordet y es parte del plan provincial de obras p\u00fablicas que, adem\u00e1s de sumar infraestructura y calidad de vida a los vecinos, tiene entre sus objetivos la reactivaci\u00f3n de la econom\u00eda local y provincial\u201d destac\u00f3 el ministro Richard.<\/p>\n<p>Agreg\u00f3 adem\u00e1s que \u201ces de una importancia enorme dado que se trata de vivienda para nuestras familias, para lograr reducir el d\u00e9ficit habitacional y mejorar el acceso a la vivienda que es una pol\u00edtica que el gobernador ha puesto en su primera gesti\u00f3n como en esta segunda como un eje fundamental para mejorar la calidad de vida de los entrerrianos\u201d.<\/p>\n<p>Por su parte, la ministra Marisa Paira se\u00f1al\u00f3: \u201cEn este encuentro abordamos la especificidad del Programa Argentina Construye. Estamos armando una estrategia conjunta de todas las \u00e1reas que tienen alg\u00fan tipo de injerencia en lo referido al h\u00e1bitat\u201d.<\/p>\n<p>\u201cEstos espacios de di\u00e1logo y trabajo articulado nos permiten mirar las pol\u00edticas que impulsa la Naci\u00f3n desde la integralidad que requieren y as\u00ed poder dise\u00f1ar acciones para acompa\u00f1ar a los sectores de mayor vulnerabilidad social\u201d, destac\u00f3 la ministra, quien estuvo acompa\u00f1ada por la subsecretaria de Pol\u00edticas Territoriales y Comunitarias, Rosa Silva.<\/p>\n<p>En tanto, el titular de IAPV, Marcelo Bisogni indic\u00f3 que \u201ca partir de la firma del convenio marco del programa Argentina Construye entre el presidente Alberto Fern\u00e1ndez; la ministra de Vivienda y H\u00e1bitat, Mar\u00eda Eugenia Bielsa; y nuestro gobernador Gustavo Bordet, comenzamos a trabajar junto a los ministros Marcelo Richard y Marisa Paira para coordinar las 11 l\u00edneas de cr\u00e9ditos que contiene este programa federal\u201d.<\/p>\n<p>\u201cQueremos desarrollar una din\u00e1mica de trabajo en conjunto para el beneficio de todos los entrerrianos\u201d, destac\u00f3, al tiempo que remarc\u00f3: \u201cVamos a desarrollar este programa de manera mancomunada entre gobierno nacional, provincial y municipales para llegar con diversas soluciones de infraestructura a las familias entrerrianas\u201d.<\/p>\n","protected":false},"excerpt":{"rendered":"<p>El ministro de Planeamiento, Marcelo Richard, recibi\u00f3 a su par de Desarrollo Social, Marisa Paira, y al presidente del IAPV, Marcelo Bisogni, para abordar los alcances del programa Argentina Construye y evaluar los pasos a seguir para su implementaci\u00f3n &nbsp; &nbsp; \u201cEs un programa que ha priorizado el gobernador Bordet y es parte del plan provincial de obras p\u00fablicas que, adem\u00e1s de sumar infraestructura y calidad de vida a los vecinos, tiene entre sus objetivos la reactivaci\u00f3n de la econom\u00eda local y provincial\u201d destac\u00f3 el ministro Richard. Agreg\u00f3 adem\u00e1s que&#8230;<\/p>\n","protected":false},"author":3,"featured_media":62636,"comment_status":"closed","ping_status":"closed","sticky":false,"template":"","format":"standard","meta":[],"categories":[15],"tags":[],"_links":{"self":[{"href":"https:\/\/www.actualidadadiario.com\/index.php\/wp-json\/wp\/v2\/posts\/62635"}],"collection":[{"href":"https:\/\/www.actualidadadiario.com\/index.php\/wp-json\/wp\/v2\/posts"}],"about":[{"href":"https:\/\/www.actualidadadiario.com\/index.php\/wp-json\/wp\/v2\/types\/post"}],"author":[{"embeddable":true,"href":"https:\/\/www.actualidadadiario.com\/index.php\/wp-json\/wp\/v2\/users\/3"}],"replies":[{"embeddable":true,"href":"https:\/\/www.actualidadadiario.com\/index.php\/wp-json\/wp\/v2\/comments?post=62635"}],"version-history":[{"count":1,"href":"https:\/\/www.actualidadadiario.com\/index.php\/wp-json\/wp\/v2\/posts\/62635\/revisions"}],"predecessor-version":[{"id":62637,"href":"https:\/\/www.actualidadadiario.com\/index.php\/wp-json\/wp\/v2\/posts\/62635\/revisions\/62637"}],"wp:featuredmedia":[{"embeddable":true,"href":"https:\/\/www.actualidadadiario.com\/index.php\/wp-json\/wp\/v2\/media\/62636"}],"wp:attachment":[{"href":"https:\/\/www.actualidadadiario.com\/index.php\/wp-json\/wp\/v2\/media?parent=62635"}],"wp:term":[{"taxonomy":"category","embeddable":true,"href":"https:\/\/www.actualidadadiario.com\/index.php\/wp-json\/wp\/v2\/categories?post=62635"},{"taxonomy":"post_tag","embeddable":true,"href":"https:\/\/www.actualidadadiario.com\/index.php\/wp-json\/wp\/v2\/tags?post=62635"}],"curies":[{"name":"wp","href":"https:\/\/api.w.org\/{rel}","templated":true}]}}