{"id":62630,"date":"2020-06-09T12:45:30","date_gmt":"2020-06-09T15:45:30","guid":{"rendered":"https:\/\/www.actualidadadiario.com\/?p=62630"},"modified":"2020-06-09T12:45:30","modified_gmt":"2020-06-09T15:45:30","slug":"la-decision-del-presidente-de-intervenir-el-grupo-vicentin-es-estrategica","status":"publish","type":"post","link":"https:\/\/www.actualidadadiario.com\/index.php\/2020\/06\/09\/la-decision-del-presidente-de-intervenir-el-grupo-vicentin-es-estrategica\/","title":{"rendered":"&#8220;La decisi\u00f3n del Presidente de intervenir el Grupo Vicent\u00edn es estrat\u00e9gica&#8221;"},"content":{"rendered":"<p style=\"text-align: center;\"><em><strong>El Gobernador Gustavo Bordet se refiri\u00f3 a la decisi\u00f3n del Gobierno nacional de intervenir la empresa agr\u00edcola Vicentin y el env\u00edo al Congreso nacional de un proyecto de ley para avanzar con la expropiaci\u00f3n de esa compa\u00f1\u00eda<\/strong><\/em><\/p>\n<p>&nbsp;<\/p>\n<p>&nbsp;<\/p>\n<p>&#8220;La decisi\u00f3n de Alberto Fern\u00e1ndez (@alferdez) de intervenir el Grupo Vicent\u00edn y enviar al Congreso una ley de expropiaci\u00f3n, es estrat\u00e9gica. Se trata de una medida acertada en torno a una empresa clave que ha sido financiada mayoritariamente con el esfuerzo de todos los argentinos&#8221;, afirm\u00f3 Bordet desde su cuenta de Twitter.<\/p>\n<p>En el mismo sentido, el gobernador entrerriano valor\u00f3: &#8220;La gerenciaci\u00f3n estatal de una de las m\u00e1s grandes operadoras de granos del pa\u00eds permitir\u00e1 ejercer un rol testigo en el comercio de granos, avanzar en materia de soberan\u00eda alimentaria, operar en el mercado cambiario y garantizar los 7.000 puestos de trabajo hoy en peligro&#8221;.<\/p>\n","protected":false},"excerpt":{"rendered":"<p>El Gobernador Gustavo Bordet se refiri\u00f3 a la decisi\u00f3n del Gobierno nacional de intervenir la empresa agr\u00edcola Vicentin y el env\u00edo al Congreso nacional de un proyecto de ley para avanzar con la expropiaci\u00f3n de esa compa\u00f1\u00eda &nbsp; &nbsp; &#8220;La decisi\u00f3n de Alberto Fern\u00e1ndez (@alferdez) de intervenir el Grupo Vicent\u00edn y enviar al Congreso una ley de expropiaci\u00f3n, es estrat\u00e9gica. Se trata de una medida acertada en torno a una empresa clave que ha sido financiada mayoritariamente con el esfuerzo de todos los argentinos&#8221;, afirm\u00f3 Bordet desde su cuenta de&#8230;<\/p>\n","protected":false},"author":3,"featured_media":62165,"comment_status":"closed","ping_status":"closed","sticky":false,"template":"","format":"standard","meta":[],"categories":[9],"tags":[],"_links":{"self":[{"href":"https:\/\/www.actualidadadiario.com\/index.php\/wp-json\/wp\/v2\/posts\/62630"}],"collection":[{"href":"https:\/\/www.actualidadadiario.com\/index.php\/wp-json\/wp\/v2\/posts"}],"about":[{"href":"https:\/\/www.actualidadadiario.com\/index.php\/wp-json\/wp\/v2\/types\/post"}],"author":[{"embeddable":true,"href":"https:\/\/www.actualidadadiario.com\/index.php\/wp-json\/wp\/v2\/users\/3"}],"replies":[{"embeddable":true,"href":"https:\/\/www.actualidadadiario.com\/index.php\/wp-json\/wp\/v2\/comments?post=62630"}],"version-history":[{"count":1,"href":"https:\/\/www.actualidadadiario.com\/index.php\/wp-json\/wp\/v2\/posts\/62630\/revisions"}],"predecessor-version":[{"id":62631,"href":"https:\/\/www.actualidadadiario.com\/index.php\/wp-json\/wp\/v2\/posts\/62630\/revisions\/62631"}],"wp:featuredmedia":[{"embeddable":true,"href":"https:\/\/www.actualidadadiario.com\/index.php\/wp-json\/wp\/v2\/media\/62165"}],"wp:attachment":[{"href":"https:\/\/www.actualidadadiario.com\/index.php\/wp-json\/wp\/v2\/media?parent=62630"}],"wp:term":[{"taxonomy":"category","embeddable":true,"href":"https:\/\/www.actualidadadiario.com\/index.php\/wp-json\/wp\/v2\/categories?post=62630"},{"taxonomy":"post_tag","embeddable":true,"href":"https:\/\/www.actualidadadiario.com\/index.php\/wp-json\/wp\/v2\/tags?post=62630"}],"curies":[{"name":"wp","href":"https:\/\/api.w.org\/{rel}","templated":true}]}}