{"id":62627,"date":"2020-06-09T12:44:44","date_gmt":"2020-06-09T15:44:44","guid":{"rendered":"https:\/\/www.actualidadadiario.com\/?p=62627"},"modified":"2020-06-09T12:44:44","modified_gmt":"2020-06-09T15:44:44","slug":"se-hara-un-estricto-control-del-perfil-epidemiologico-provincial-antes-de-habilitar-nuevas-actividades","status":"publish","type":"post","link":"https:\/\/www.actualidadadiario.com\/index.php\/2020\/06\/09\/se-hara-un-estricto-control-del-perfil-epidemiologico-provincial-antes-de-habilitar-nuevas-actividades\/","title":{"rendered":"Se har\u00e1 un estricto control del perfil epidemiol\u00f3gico provincial antes de habilitar nuevas actividades"},"content":{"rendered":"<p style=\"text-align: center;\"><em><strong>El gobernador Gustavo Bordet presidi\u00f3 una reuni\u00f3n de gabinete en la que se analiz\u00f3 la situaci\u00f3n epidemiol\u00f3gica de la provincia y se destac\u00f3 el rol de los municipios en el contralor del cumplimiento de los protocolos sanitarios<\/strong><\/em><\/p>\n<p>&nbsp;<\/p>\n<p>Se acord\u00f3 repensar estrategias a niveles de los COES locales en funci\u00f3n del perfil epidemiol\u00f3gico, la modalidad operativa de cada ciudad y el monitoreo de las autoridades locales de las actividades autorizadas.<\/p>\n<p>Se har\u00e1 un seguimiento muy estricto de la evoluci\u00f3n y aparici\u00f3n de casos y, luego, en el marco del nuevo marco normativo que da el DNU, se evaluar\u00e1 la posibilidad de avanzar en alguna nueva habilitaci\u00f3n.<\/p>\n<p>En ese marco, la vicegobernadora Laura Stratta subray\u00f3 la necesidad de \u201cseguir fortaleciendo la comunicaci\u00f3n en la responsabilidad individual y social, en la solidaridad que debemos tener a la hora de poder cuidarnos, ejercer el distanciamiento social, las medidas higiene, pero tambi\u00e9n la importancia de trabajar articuladamente con los intendentes para que puedan ejercer control en cada uno de sus territorios&#8221;.<\/p>\n<p>&#8220;Este proceso de pandemia y en las primeras etapas de aislamiento social, preventivo y obligatorio signific\u00f3 un proceso gradual y controlado de apertura de econom\u00eda, de las actividades sociales y de determinadas actividades deportivas. Lo que supone que en cada uno de los territorios se pueda ejercer un control para que esto se cumpla&#8221;, insisti\u00f3.<\/p>\n<p>Advirti\u00f3 que si las pautas y protocolos no se cumplen, &#8220;las posibilidades o riesgos de contagio aumentan, y l\u00f3gicamente se deber\u00e1 volver a fases anteriores a las que se transitan en la provincia de Entre R\u00edos. Por eso, es tan importante el trabajo articulado y el control de los territorios que ejercen los municipios para que se cumplan los protocolos y se pueda seguir priorizando la salud&#8221;.<\/p>\n<p>&#8220;Sabemos que son 70 d\u00edas de aislamiento y hay mucho cansancio, pero tambi\u00e9n que hoy m\u00e1s que nunca tenemos que activar los controles. La \u00fanica forma que tenemos de controlar es fijando pautas comunes. En la provincia de Entre R\u00edos, la articulaci\u00f3n Naci\u00f3n, provincia y municipios ha sido la que nos ha permitido posicionarnos para poder pasar a la fase siguiente, pero eso tambi\u00e9n supone riesgo y fortalecer y mejorar los controles en territorio&#8221;, remarc\u00f3.<\/p>\n<p>&nbsp;<\/p>\n<p><strong>Extremar las medidas<\/strong><\/p>\n<p>Por su parte, la ministra de Salud, Sonia Vel\u00e1zquez, sostuvo que la convocatoria del primer mandatario y los funcionarios es &#8220;para construir decisiones y posicionamientos, teniendo muy en cuenta el perfil epidemiol\u00f3gico de la provincia&#8221;. Precis\u00f3 que hay 53 casos positivos porque en las \u00faltimas horas se sumaron caso de la localidad de Gualeguaych\u00fa, y de Col\u00f3n en los d\u00edas previos. &#8220;Seguimos muy atentos en la vigilancia epidemiol\u00f3gica como herramienta central del trabajo que ha llevado a los equipos de salud en estas 72 horas a trabajar exhaustivamente en cada nexo, constituyendo un seguimiento de cada uno de los contactos, adem\u00e1s de desarrollar nuevas estrategias sanitarias&#8221;, indic\u00f3.<\/p>\n<p>En ese sentido, mencion\u00f3 el refuerzo &#8220;con recursos humanos e insumos, revisar nuevas estrategias porque hay que tener en cuenta que Entre R\u00edos est\u00e1 ante una nueva categorizaci\u00f3n epidemiol\u00f3gica que se denomina transmisi\u00f3n local por conglomerado&#8221;. Luego explic\u00f3 que &#8220;esto significa que hay una importante propagaci\u00f3n del virus de nexos en un determinado conglomeramiento f\u00edsico y poblacional, y que responden a un caso \u00edndice de un lugar de circulaci\u00f3n activa&#8221;. Especific\u00f3 luego que se dio en las localidades Col\u00f3n, San Jos\u00e9 y Liebig. &#8220;Esto amerit\u00f3 que se vuelva a fase inicial con las actividades que all\u00ed se hab\u00edan autorizado y flexibilizado&#8221;, inform\u00f3.<\/p>\n<p>&#8220;Esto nos lleva tanto a extremar las medidas que tienen que ver con la democratizaci\u00f3n de decisiones y actividades conjuntas interjurisdiccionalmente como las que se lleva adelante con Naci\u00f3n, provincia y municipios, como tambi\u00e9n a repensar estrategias a niveles de los COES locales porque el perfil epidemiol\u00f3gico y la modalidad operativa de cada localidad la conocen los propios intendentes que han sido electos democr\u00e1ticamente para ejercer la rector\u00eda local a nivel de monitorear desde el punto de vista c\u00edvico el desarrollo de esas actividades que han autorizado&#8221;, asegur\u00f3 Vel\u00e1zquez.<\/p>\n<p>En ese marco, la ministra de Salud sostuvo que lo que se busca &#8220;es un equilibrio. El sector Salud se sobrecarga, si se quiere, de responsabilidades que se prepar\u00f3 para esto. La medida c\u00edvica implementada por el Presidente de un DNU que estableciera una cuarentena durante un lapso importante, permiti\u00f3 a las provincias poder organizar, preparar, capacitar y stockear con insumos que se dan cuenta en el desarrollo del seguimiento de todos los casos y de todas las localidades&#8221;, precis\u00f3.<\/p>\n<p>A modo de cierre, inform\u00f3 que &#8220;este lunes est\u00e1 constituido un equipo en el barrio Gaucho Rivero de Paran\u00e1 donde se sigue el Plan Detectar, casa por casa, para ir en busca de los casos sospechosos a fin de integrarlo en la estrategia sanitaria que se lleva adelante para seguir ocup\u00e1ndonos de la salud de los entrerrianos&#8221;.<\/p>\n<p>&nbsp;<\/p>\n<p><strong>Control y habilitaciones<\/strong><\/p>\n<p>En tanto, el ministro de Producci\u00f3n, Juan Jos\u00e9 Bahillo, coment\u00f3 que tambi\u00e9n &#8220;se evaluaron el \u00faltimo DNU que emiti\u00f3 el Poder Ejecutivo Nacional y los \u00faltimos hechos ocurridos en tres ciudades de la provincia. En ese marco, se analizar\u00e1 en la semana los pedidos de algunas de las actividades que est\u00e1n quedando pendiente de habilitar&#8221;.<\/p>\n<p>Inform\u00f3 que &#8220;no se habilitar\u00e1 hasta un exhaustivo an\u00e1lisis de estas actividades y su debido protocolo en el corto plazo. Es decir, en los pr\u00f3ximos d\u00edas. Se har\u00e1 un seguimiento muy estricto de todo lo que Salud informe a partir de c\u00f3mo evolucionan los casos en las distintas ciudades y en el caso que aparezca en alguna otra localidad. Primero con ese informe de Salud, y luego en el marco del nuevo marco normativo que da el DNU, se evaluar\u00e1 la posibilidad de avanzar en alguna nueva habilitaci\u00f3n&#8221;.<\/p>\n<p>En se sentido, precis\u00f3 que el gobernador Bordet le requiri\u00f3 que &#8220;nos contactemos y solicitemos a los municipios que extremen las medidas para controlar el estricto cumplimiento de los protocolos establecidos para las actividades exceptuadas. Que haya un control municipal muy firme, con el acompa\u00f1amiento de la Polic\u00eda, para aquellas actividades que est\u00e9n exceptuadas bajo el cumplimiento de determinado protocolo. Ante el no cumplimiento, se solicite a los intendentes que clausuren esos locales por la responsabilidad que tenemos para conservar esta situaci\u00f3n y para llevar tranquilidad a la comunidad\u201d.<\/p>\n<p>Dicho esto, Bahillo sostuvo que &#8220;se entiende la necesidad de las personas de trabajar y la angustia que esto genera. Tenemos la empat\u00eda de ponernos en el lugar de ellos y evaluar la necesidad que tienen de trabajar desde el punto de vista econ\u00f3mico y, muchas veces tambi\u00e9n, emocional, pero nuestro principio rector es la salud y los indicadores epidemiol\u00f3gicos en la provincia&#8221;, remarc\u00f3.<\/p>\n<p>&#8220;Seguir los criterios de Salud es la mejor manera de cuidar lo logrado y preservar las otras actividades productivas que se desarrollan en toda la provincia&#8221;, insisti\u00f3.<\/p>\n<p>&nbsp;<\/p>\n<p><strong>Expediente Electr\u00f3nico<\/strong><\/p>\n<p>Por su parte, la secretaria de Modernizaci\u00f3n, Lucrecia Escand\u00f3n, precis\u00f3 tambi\u00e9n que &#8220;se present\u00f3 el plan de implementaci\u00f3n del Expediente Electr\u00f3nico&#8221;, un compromiso que oportunamente hizo el gobernador Gustavo Bordet.<\/p>\n<p>En ese marco, se present\u00f3 el relevamiento sobre el uso del sistema de gesti\u00f3n de expedientes en el per\u00edodo 2019. Por el cual, se supo, por ejemplo, que se ingresaron 194.489 expedientes, se generaron 73 grupos de expedientes, se pueden identificar 862 tem\u00e1ticas para identificar el tipo de expediente y se registraron 2,5 millones de pases.<\/p>\n<p>Se refiri\u00f3 al trabajo del equipo de la Secretar\u00eda que preside y la posibilidad de implementar a partir del segundo semestre de 2020 el Expediente Electr\u00f3nico que &#8220;es la generaci\u00f3n y el seguimiento de los expedientes con todos sus documentos, generados en formato digital&#8221;.<\/p>\n<p>Explic\u00f3 que para generar un expediente hay dos modalidades. &#8220;Los expedientes que son externos y que son a solicitud de un ciudadano, de una persona f\u00edsica o jur\u00eddica, se digitalizar\u00e1n las tramitaciones que presenten ante la administraci\u00f3n p\u00fablica, se genera una car\u00e1tula y ese expediente corre por la administraci\u00f3n p\u00fablica con todas sus intervenciones en un documento digital&#8221;, precis\u00f3.<\/p>\n<p>Detall\u00f3 luego que lo mismo sucede con los expedientes internos de la administraci\u00f3n. &#8220;Cada una de las actuaciones y los documentos ir\u00e1 con firma electr\u00f3nica o firma digital, y correr\u00e1 por la administraci\u00f3n p\u00fablica en ese formato. Naciendo y muriendo en ese formato digital&#8221;, insisti\u00f3.<\/p>\n<p>Escand\u00f3n explic\u00f3 que el Expediente Electr\u00f3nico demanda el uso intensivo de la tecnolog\u00eda, pero &#8220;en el fondo tiene que ver con una transformaci\u00f3n de las formas de trabajo en la administraci\u00f3n p\u00fablica. Tiene muchos beneficios y algunos de ellos son la despapelizaci\u00f3n del cien por cien de la administraci\u00f3n p\u00fablica, el ahorro de los costos en almacenamiento, en el traslado f\u00edsico de los expedientes, la mejora en los tiempos de respuesta ya que se puede tener acceso permanentes a los expedientes y tambi\u00e9n la tramitaci\u00f3n conjunta entre distintas \u00e1reas, la seguridad jur\u00eddica de esa informaci\u00f3n y la documentaci\u00f3n porque est\u00e1 garantizada la perdurabilidad del expediente. No como el de papel que con el paso del tiempo se tiene archivos de dif\u00edcil acceso. Tiene enorme ventajas, como as\u00ed tambi\u00e9n la facilidad en un contexto de pandemia con el cual nos encontramos de ampliar los tiempos de trabajo de la administraci\u00f3n p\u00fablica, de poder trabajar desde el teletrabajo a trav\u00e9s de internet, entre otros factores que contribuyen al fortalecimiento de la gesti\u00f3n p\u00fablica provincial&#8221;, concluy\u00f3.<\/p>\n","protected":false},"excerpt":{"rendered":"<p>El gobernador Gustavo Bordet presidi\u00f3 una reuni\u00f3n de gabinete en la que se analiz\u00f3 la situaci\u00f3n epidemiol\u00f3gica de la provincia y se destac\u00f3 el rol de los municipios en el contralor del cumplimiento de los protocolos sanitarios &nbsp; Se acord\u00f3 repensar estrategias a niveles de los COES locales en funci\u00f3n del perfil epidemiol\u00f3gico, la modalidad operativa de cada ciudad y el monitoreo de las autoridades locales de las actividades autorizadas. Se har\u00e1 un seguimiento muy estricto de la evoluci\u00f3n y aparici\u00f3n de casos y, luego, en el marco del nuevo&#8230;<\/p>\n","protected":false},"author":3,"featured_media":62628,"comment_status":"closed","ping_status":"closed","sticky":false,"template":"","format":"standard","meta":[],"categories":[9],"tags":[],"_links":{"self":[{"href":"https:\/\/www.actualidadadiario.com\/index.php\/wp-json\/wp\/v2\/posts\/62627"}],"collection":[{"href":"https:\/\/www.actualidadadiario.com\/index.php\/wp-json\/wp\/v2\/posts"}],"about":[{"href":"https:\/\/www.actualidadadiario.com\/index.php\/wp-json\/wp\/v2\/types\/post"}],"author":[{"embeddable":true,"href":"https:\/\/www.actualidadadiario.com\/index.php\/wp-json\/wp\/v2\/users\/3"}],"replies":[{"embeddable":true,"href":"https:\/\/www.actualidadadiario.com\/index.php\/wp-json\/wp\/v2\/comments?post=62627"}],"version-history":[{"count":1,"href":"https:\/\/www.actualidadadiario.com\/index.php\/wp-json\/wp\/v2\/posts\/62627\/revisions"}],"predecessor-version":[{"id":62629,"href":"https:\/\/www.actualidadadiario.com\/index.php\/wp-json\/wp\/v2\/posts\/62627\/revisions\/62629"}],"wp:featuredmedia":[{"embeddable":true,"href":"https:\/\/www.actualidadadiario.com\/index.php\/wp-json\/wp\/v2\/media\/62628"}],"wp:attachment":[{"href":"https:\/\/www.actualidadadiario.com\/index.php\/wp-json\/wp\/v2\/media?parent=62627"}],"wp:term":[{"taxonomy":"category","embeddable":true,"href":"https:\/\/www.actualidadadiario.com\/index.php\/wp-json\/wp\/v2\/categories?post=62627"},{"taxonomy":"post_tag","embeddable":true,"href":"https:\/\/www.actualidadadiario.com\/index.php\/wp-json\/wp\/v2\/tags?post=62627"}],"curies":[{"name":"wp","href":"https:\/\/api.w.org\/{rel}","templated":true}]}}