{"id":62622,"date":"2020-06-08T14:01:53","date_gmt":"2020-06-08T17:01:53","guid":{"rendered":"https:\/\/www.actualidadadiario.com\/?p=62622"},"modified":"2020-06-08T14:01:53","modified_gmt":"2020-06-08T17:01:53","slug":"pese-a-nuevos-focos-de-contagio-corea-del-sur-completa-la-apertura-de-escuelas","status":"publish","type":"post","link":"https:\/\/www.actualidadadiario.com\/index.php\/2020\/06\/08\/pese-a-nuevos-focos-de-contagio-corea-del-sur-completa-la-apertura-de-escuelas\/","title":{"rendered":"Pese a nuevos focos de contagio, Corea del Sur completa la apertura de escuelas"},"content":{"rendered":"<p style=\"text-align: center;\"><em><strong>Aunque Corea del Sur es uno de los pa\u00edses que mejor ha manejado la pandemia, la vuelta a los colegios provoc\u00f3 dudas en muchos padres, especialmente en la regi\u00f3n en torno a la capital, donde residen unos 26 millones y donde se est\u00e1n concentrando m\u00e1s del 90% de nuevos casos diarios<\/strong><\/em><\/p>\n<p>&nbsp;<\/p>\n<p>&nbsp;<\/p>\n<p>El gobierno surcoreano complet\u00f3 este lunes la \u00faltima fase de la reapertura escalonada de escuelas pese a las dudas que generaron los repuntes de casos de coronavirus en la regi\u00f3n perif\u00e9rica de Se\u00fal, la m\u00e1s poblada del pa\u00eds.<\/p>\n<p>Las aulas se abrieron para aproximadamente 1,35 millones de alumnos pertenecientes a diferentes niveles de secundaria y primaria, los \u00faltimos en reincorporarse al colegio seg\u00fan el plan gradual trazado por las autoridades surcoreanas.<\/p>\n<p>La reapertura de escuelas se inici\u00f3 el 20 de mayo, cuando el gobierno decret\u00f3 una fase m\u00e1s relajada de distanciamiento social.<\/p>\n<p>Con la reincorporaci\u00f3n de hoy se completa la vuelta a clases de unos 5,95 millones de estudiantes surcoreanos en edad escolar y preescolar m\u00e1s de tres meses despu\u00e9s del inicio del curso acad\u00e9mico originalmente previsto a principio de marzo.<\/p>\n<p>Antes de que comenzase la reapertura f\u00edsica de las aulas, el curso prosigui\u00f3 en abril de manera completamente online.<\/p>\n<p>Aunque Corea del Sur es uno de los pa\u00edses que mejor ha manejado la pandemia, la vuelta a los colegios provoc\u00f3 dudas en muchos padres, especialmente en la regi\u00f3n en torno a la capital, donde residen unos 26 millones y donde se est\u00e1n concentrando m\u00e1s del 90% de nuevos casos diarios, inform\u00f3 la agencia de noticias EFE.<\/p>\n<p>Hoy mismo Corea del Sur registr\u00f3 38 casos, de los cuales 33 fueron contagios locales, todos ellos concentrados en el \u00e1rea que rodea Se\u00fal.<\/p>\n<p>En el \u00faltimo mes se detectaron dos nuevos focos de contagio en la regi\u00f3n capital, donde vive m\u00e1s de la mitad de la poblaci\u00f3n nacional, ubicados en una zona de clubes nocturno y en una f\u00e1brica, que reavivaron la preocupaci\u00f3n por una eventual nueva expansi\u00f3n del virus.<\/p>\n<p>Por este motivo, el gobierno estableci\u00f3 cupos m\u00e1ximos de alumnos por aula (un tercio en la primaria y secundaria, y dos tercios en el bachillerato), que podr\u00e1n asistir a clases usando mascarilla en todo momento y con horarios que mezclan cada d\u00eda clases presenciales y online.<\/p>\n<p>Tambi\u00e9n se escalon\u00f3 el horario del almuerzo, y se estableci\u00f3 que todos los alumnos deben comer con suficiente distancia entre ellos y mirando en la misma direcci\u00f3n para evitar el contagio a trav\u00e9s de gotas de saliva.<\/p>\n<p>Por otra parte, datos del Ministerio de Educaci\u00f3n publicados el pasado viernes muestran que, por ahora, los contagios en los colegios fueron m\u00ednimos: seis alumnos y cuatro profesores o empleados de los centros.<\/p>\n<p>Cada uno de los colegios en los que hubo positivos cerr\u00f3 durante d\u00edas hasta que se teste\u00f3 a todos los alumnos y personal, y se puso en cuarentena a aquellos que mantuvieron contacto directo con la persona infectada.<\/p>\n","protected":false},"excerpt":{"rendered":"<p>Aunque Corea del Sur es uno de los pa\u00edses que mejor ha manejado la pandemia, la vuelta a los colegios provoc\u00f3 dudas en muchos padres, especialmente en la regi\u00f3n en torno a la capital, donde residen unos 26 millones y donde se est\u00e1n concentrando m\u00e1s del 90% de nuevos casos diarios &nbsp; &nbsp; El gobierno surcoreano complet\u00f3 este lunes la \u00faltima fase de la reapertura escalonada de escuelas pese a las dudas que generaron los repuntes de casos de coronavirus en la regi\u00f3n perif\u00e9rica de Se\u00fal, la m\u00e1s poblada del&#8230;<\/p>\n","protected":false},"author":3,"featured_media":62623,"comment_status":"closed","ping_status":"closed","sticky":false,"template":"","format":"standard","meta":[],"categories":[4],"tags":[],"_links":{"self":[{"href":"https:\/\/www.actualidadadiario.com\/index.php\/wp-json\/wp\/v2\/posts\/62622"}],"collection":[{"href":"https:\/\/www.actualidadadiario.com\/index.php\/wp-json\/wp\/v2\/posts"}],"about":[{"href":"https:\/\/www.actualidadadiario.com\/index.php\/wp-json\/wp\/v2\/types\/post"}],"author":[{"embeddable":true,"href":"https:\/\/www.actualidadadiario.com\/index.php\/wp-json\/wp\/v2\/users\/3"}],"replies":[{"embeddable":true,"href":"https:\/\/www.actualidadadiario.com\/index.php\/wp-json\/wp\/v2\/comments?post=62622"}],"version-history":[{"count":1,"href":"https:\/\/www.actualidadadiario.com\/index.php\/wp-json\/wp\/v2\/posts\/62622\/revisions"}],"predecessor-version":[{"id":62624,"href":"https:\/\/www.actualidadadiario.com\/index.php\/wp-json\/wp\/v2\/posts\/62622\/revisions\/62624"}],"wp:featuredmedia":[{"embeddable":true,"href":"https:\/\/www.actualidadadiario.com\/index.php\/wp-json\/wp\/v2\/media\/62623"}],"wp:attachment":[{"href":"https:\/\/www.actualidadadiario.com\/index.php\/wp-json\/wp\/v2\/media?parent=62622"}],"wp:term":[{"taxonomy":"category","embeddable":true,"href":"https:\/\/www.actualidadadiario.com\/index.php\/wp-json\/wp\/v2\/categories?post=62622"},{"taxonomy":"post_tag","embeddable":true,"href":"https:\/\/www.actualidadadiario.com\/index.php\/wp-json\/wp\/v2\/tags?post=62622"}],"curies":[{"name":"wp","href":"https:\/\/api.w.org\/{rel}","templated":true}]}}