{"id":62614,"date":"2020-06-08T13:59:17","date_gmt":"2020-06-08T16:59:17","guid":{"rendered":"https:\/\/www.actualidadadiario.com\/?p=62614"},"modified":"2020-06-08T13:59:17","modified_gmt":"2020-06-08T16:59:17","slug":"olavo-rompe-con-bolsonaro-y-dice-que-va-a-derrocar-a-su-gobierno-de-mierda","status":"publish","type":"post","link":"https:\/\/www.actualidadadiario.com\/index.php\/2020\/06\/08\/olavo-rompe-con-bolsonaro-y-dice-que-va-a-derrocar-a-su-gobierno-de-mierda\/","title":{"rendered":"Olavo rompe con Bolsonaro y dice que va a derrocar a su &#8220;gobierno de mierda&#8221;"},"content":{"rendered":"<p style=\"text-align: center;\"><em><strong>El gur\u00fa corri\u00f3 por derecha al presidente de Brasil y dijo que lo har\u00e1 caer si sigue &#8220;inactivo y cobarde&#8221;<\/strong><\/em><\/p>\n<p>&nbsp;<\/p>\n<p>El ensayista de ultraderecha Olavo de Carvalho, considerado un referente ideol\u00f3gico del mandatario, sali\u00f3 a romper lanzas con \u00e9l y afirm\u00f3 que derrocar\u00eda a este &#8220;gobierno de mierda&#8221; si segu\u00eda &#8220;inactivo&#8221; y &#8220;cobarde&#8221;.<\/p>\n<p>De Carvalho, quien reside en Estados Unidos y desde all\u00ed ha influido en la designaci\u00f3n de varios funcionarios del gobierno, public\u00f3 esta madrugada en redes sociales un video en el que afirma que Bolsonaro nunca fue su amigo y lo acusa de no defenderlo contra &#8220;la oficina del odio contra Olavo&#8221;, seg\u00fan public\u00f3 este domingo el diario O Globo.<\/p>\n<p>&#8220;Esta maldita oficina de odio contra Olavo ha existido durante d\u00e9cadas. En lugar de que el presidente diga que es mi amigo, que no eres mi amigo, simplemente te aprovechaste; en lugar de darme una condecoraci\u00f3n, pegas la condecoraci\u00f3n en tu trasero&#8221;, dijo, enfurecido, el hombre considerado el gur\u00fa de la ultraderecha brasile\u00f1a y\u00a0 un factor clave en el triunfo del presidente brasil\u00f1o en octubre de 2018.<\/p>\n<p>&#8220;No quiero saber nada m\u00e1s. Otra cosa, no est\u00e1s actuando contra los bandidos, ves el crimen, cometen los cr\u00edmenes, est\u00e1s presente en el acto y no haces nada contra ellos. Esto se llama prevaricaci\u00f3n. Quieres tomar un proceso de prevaricaci\u00f3n. \u00bfEstas personas no pueden derrocar a su gobierno? Lo estoy derrocando. Permanezcan inactivos, sigan siendo cobardes (y) derroco este gobierno de mierda&#8221;, advirti\u00f3 Olavo.<\/p>\n<p>Esta reacci\u00f3n de De Carvalho, que sale a correr por derecha a Bolsonaro, se da en medio del avance de la investigaci\u00f3n por la producci\u00f3n noticias falsas que impulsa el Superior Tribunal de Justicia, que el pr\u00f3ximo mi\u00e9rcoles se pronunciar\u00e1 sobre la legitimidad de esa causa y que ya allan\u00f3 a muchos aliados del gobierno, entre ellos gente vinculada con el gur\u00fa de la ultraderecha.<\/p>\n","protected":false},"excerpt":{"rendered":"<p>El gur\u00fa corri\u00f3 por derecha al presidente de Brasil y dijo que lo har\u00e1 caer si sigue &#8220;inactivo y cobarde&#8221; &nbsp; El ensayista de ultraderecha Olavo de Carvalho, considerado un referente ideol\u00f3gico del mandatario, sali\u00f3 a romper lanzas con \u00e9l y afirm\u00f3 que derrocar\u00eda a este &#8220;gobierno de mierda&#8221; si segu\u00eda &#8220;inactivo&#8221; y &#8220;cobarde&#8221;. De Carvalho, quien reside en Estados Unidos y desde all\u00ed ha influido en la designaci\u00f3n de varios funcionarios del gobierno, public\u00f3 esta madrugada en redes sociales un video en el que afirma que Bolsonaro nunca fue&#8230;<\/p>\n","protected":false},"author":3,"featured_media":62615,"comment_status":"closed","ping_status":"closed","sticky":false,"template":"","format":"standard","meta":[],"categories":[4],"tags":[],"_links":{"self":[{"href":"https:\/\/www.actualidadadiario.com\/index.php\/wp-json\/wp\/v2\/posts\/62614"}],"collection":[{"href":"https:\/\/www.actualidadadiario.com\/index.php\/wp-json\/wp\/v2\/posts"}],"about":[{"href":"https:\/\/www.actualidadadiario.com\/index.php\/wp-json\/wp\/v2\/types\/post"}],"author":[{"embeddable":true,"href":"https:\/\/www.actualidadadiario.com\/index.php\/wp-json\/wp\/v2\/users\/3"}],"replies":[{"embeddable":true,"href":"https:\/\/www.actualidadadiario.com\/index.php\/wp-json\/wp\/v2\/comments?post=62614"}],"version-history":[{"count":1,"href":"https:\/\/www.actualidadadiario.com\/index.php\/wp-json\/wp\/v2\/posts\/62614\/revisions"}],"predecessor-version":[{"id":62616,"href":"https:\/\/www.actualidadadiario.com\/index.php\/wp-json\/wp\/v2\/posts\/62614\/revisions\/62616"}],"wp:featuredmedia":[{"embeddable":true,"href":"https:\/\/www.actualidadadiario.com\/index.php\/wp-json\/wp\/v2\/media\/62615"}],"wp:attachment":[{"href":"https:\/\/www.actualidadadiario.com\/index.php\/wp-json\/wp\/v2\/media?parent=62614"}],"wp:term":[{"taxonomy":"category","embeddable":true,"href":"https:\/\/www.actualidadadiario.com\/index.php\/wp-json\/wp\/v2\/categories?post=62614"},{"taxonomy":"post_tag","embeddable":true,"href":"https:\/\/www.actualidadadiario.com\/index.php\/wp-json\/wp\/v2\/tags?post=62614"}],"curies":[{"name":"wp","href":"https:\/\/api.w.org\/{rel}","templated":true}]}}