{"id":62605,"date":"2020-06-08T13:56:16","date_gmt":"2020-06-08T16:56:16","guid":{"rendered":"https:\/\/www.actualidadadiario.com\/?p=62605"},"modified":"2020-06-08T13:56:16","modified_gmt":"2020-06-08T16:56:16","slug":"cristina-va-a-lomas-y-sera-querellante-por-espionaje-afi","status":"publish","type":"post","link":"https:\/\/www.actualidadadiario.com\/index.php\/2020\/06\/08\/cristina-va-a-lomas-y-sera-querellante-por-espionaje-afi\/","title":{"rendered":"Cristina va a Lomas y ser\u00e1 querellante por espionaje AFI"},"content":{"rendered":"<p style=\"text-align: center;\"><em><strong>Le mostrar\u00e1n fotos y videos, antesala para lluvia de querellantes de la pol\u00edtica. La trama del &#8220;joint venture&#8221; entre esp\u00edas y narcos<\/strong><\/em><\/p>\n<p>&nbsp;<\/p>\n<p>&nbsp;<\/p>\n<p>En las pr\u00f3ximas horas, Cristina de Kirchner se presentar\u00e1 en el juzgado federal de Lomas de Zamora y luego de que se le exhiba la copiosa cantidad de pruebas de seguimiento y espionaje por parte de la AFI, se convertir\u00e1 en la primera querellante de la causa con mayor impacto pol\u00edtico de los \u00faltimos a\u00f1os.<\/p>\n<p>Su visita ser\u00e1 la antesala para que la primera tanda de convocados por el juez Federico Villena peregrine hasta el conurbano y pueda acceder a parte de las fotos y videos que forman parte de la investigaci\u00f3n, todav\u00eda bajo secreto de sumario. Se abrir\u00e1 entonces la caja de Pandora. Es el caso m\u00e1s inquietante para la pol\u00edtica por el mensaje que tienen connotado y que la Justicia le explicar\u00e1 a cada una de las v\u00edctimas: en Argentina hubo una organizaci\u00f3n enquistada en la Agencia Federal de Inteligencia durante el Gobierno de Mauricio Macri que cobij\u00f3 narcos-acusados de cr\u00edmenes violentos- para realizar operaciones ilegales ligadas con amenazas y extorsi\u00f3n. Un \u201cjoint venture\u201d impensado.<\/p>\n<p>A las 11 de la noche del s\u00e1bado, el juzgado de Villena estaba activo en el trabajo de an\u00e1lisis de la cantidad de prueba recolectada, mayormente hallada en los tel\u00e9fonos celulares de la organizaci\u00f3n donde la mayor\u00eda eran agentes org\u00e1nicos de inteligencia. Esos son los elementos que se les mostrar\u00e1 a la n\u00f3mina de dirigentes pol\u00edticos, entre los que tambi\u00e9n estar\u00e1n esta semana Horacio Rodr\u00edguez Larreta, Diego Santilli, Mar\u00eda Eugenia Vidal, Nicol\u00e1s Massot y Emilio Monz\u00f3, ligados al ala \u201cperonista\u201d del PRO. Algunos intuyen que varias de las decisiones pol\u00edticas de Macri que los margin\u00f3 pudieron haberse originado en los seguimientos de los esp\u00edas de la AFI conducida por Gustavo Arribas. La preocupaci\u00f3n hoy del escribano, seg\u00fan su entorno, es que por motivos de la pandemia, el estallido de la investigaci\u00f3n lo haya encontrado fronteras adentro, y no en Brasil, destino al que hab\u00eda partido apenas termin\u00f3 el Gobierno de Cambiemos.<\/p>\n<p>Hubo otros sorprendidos con la convocatoria completa de damnificados que \u00c1mbito revel\u00f3 el viernes: el diputado Waldo Wolff, integrante del ala dura del PRO. Su cercan\u00eda como referencia pol\u00edtica interna al expresidente de Boca Daniel \u201cTano\u201d Angelici sirvi\u00f3 como explicaci\u00f3n a su aparici\u00f3n en la n\u00f3mina de espiados. El \u201cTano\u201d siempre sospech\u00f3 que Arribas buscaba perjudicarlo. Puntualmente en el negocio del f\u00fatbol, un inter\u00e9s del broker de jugadores que tambi\u00e9n qued\u00f3 englobado entre los seguimientos a futbolistas que se investigan en esta megacausa en Lomas.<\/p>\n<p>Todav\u00eda resta la mitad de elementos secuestrados (im\u00e1genes, videos y audios) y cuando termine la primera tanda de notificados se avanzar\u00e1 en otros aspectos en los que deriv\u00f3 la causa. Un cap\u00edtulo aleda\u00f1o son los hallazgos en la denominada \u201c\u00c1rea 50\u201d, la divisi\u00f3n de inteligencia del Servicio Penitenciario Federal que abrieron el terreno para las especulaciones sobre espionaje tambi\u00e9n en torno a las visitas que recib\u00edan los detenidos del Programa IRIC, mayor\u00eda exfuncionarios kirchneristas.<\/p>\n<p>Los efectos concretos de lo que se ventile en Lomas tendr\u00e1n r\u00e9plicas en otros expedientes iniciados por, o contra, las figuras que aparecen espiadas y seguidas. Y un detalle no menor: con cada hecho concreto, contextualizado en tiempo y lugar, las v\u00edctimas del espionaje podr\u00e1n responderse la pregunta acerca del motivo del inter\u00e9s de la AFI en registrar sus pasos. Para el kirchnerismo, como se dijo hace 10 d\u00edas, la aparici\u00f3n de esta investigaci\u00f3n fuera del radar significar\u00e1 el hallazgo de un tr\u00e9bol de cuatro hojas, luego de haber percutido sobre manejos judiciales irregulares sobre toda la gesti\u00f3n Macri. Una sola foto significa la validaci\u00f3n de un m\u00e9todo ilegal de manejo del aparato estatal. Un \u201clawfare\u201d que nada menos incluye una alianza t\u00e1ctica entre esp\u00edas y narcos.<\/p>\n<p>Sergio \u201cVerdura\u201d Rodr\u00edguez no era un perejil. Con manejo de una banda que operaba en zona sur est\u00e1 acusado de traficar droga, planear matar a un competidor, incendiar una vivienda y se lo encontr\u00f3 con un arsenal en su poder. Eso luego de haberse escapado tres veces de la Polic\u00eda, la \u00faltima a los tiros. En su poder ten\u00eda una foto de Villena y hay un audio donde se muestra dispuesto a atentar contra \u00e9l. Es el mismo hombre que atraves\u00f3 con un pan de Trotyl la Capital Federal y lleg\u00f3 a inmediaciones del Congreso para dejarle un \u201cmensaje\u201d a Jos\u00e9 Luis Vila. Comodoro Py hace un poco de fuerza como para quedarse con ese episodio, sin mucho margen.<\/p>\n<p>\u00bfPara qu\u00e9 segu\u00edan a quienes segu\u00edan? Esa respuesta empezar\u00e1 a ser contestada esta semana.<\/p>\n","protected":false},"excerpt":{"rendered":"<p>Le mostrar\u00e1n fotos y videos, antesala para lluvia de querellantes de la pol\u00edtica. La trama del &#8220;joint venture&#8221; entre esp\u00edas y narcos &nbsp; &nbsp; En las pr\u00f3ximas horas, Cristina de Kirchner se presentar\u00e1 en el juzgado federal de Lomas de Zamora y luego de que se le exhiba la copiosa cantidad de pruebas de seguimiento y espionaje por parte de la AFI, se convertir\u00e1 en la primera querellante de la causa con mayor impacto pol\u00edtico de los \u00faltimos a\u00f1os. Su visita ser\u00e1 la antesala para que la primera tanda de&#8230;<\/p>\n","protected":false},"author":3,"featured_media":62606,"comment_status":"closed","ping_status":"closed","sticky":false,"template":"","format":"standard","meta":[],"categories":[18],"tags":[],"_links":{"self":[{"href":"https:\/\/www.actualidadadiario.com\/index.php\/wp-json\/wp\/v2\/posts\/62605"}],"collection":[{"href":"https:\/\/www.actualidadadiario.com\/index.php\/wp-json\/wp\/v2\/posts"}],"about":[{"href":"https:\/\/www.actualidadadiario.com\/index.php\/wp-json\/wp\/v2\/types\/post"}],"author":[{"embeddable":true,"href":"https:\/\/www.actualidadadiario.com\/index.php\/wp-json\/wp\/v2\/users\/3"}],"replies":[{"embeddable":true,"href":"https:\/\/www.actualidadadiario.com\/index.php\/wp-json\/wp\/v2\/comments?post=62605"}],"version-history":[{"count":1,"href":"https:\/\/www.actualidadadiario.com\/index.php\/wp-json\/wp\/v2\/posts\/62605\/revisions"}],"predecessor-version":[{"id":62607,"href":"https:\/\/www.actualidadadiario.com\/index.php\/wp-json\/wp\/v2\/posts\/62605\/revisions\/62607"}],"wp:featuredmedia":[{"embeddable":true,"href":"https:\/\/www.actualidadadiario.com\/index.php\/wp-json\/wp\/v2\/media\/62606"}],"wp:attachment":[{"href":"https:\/\/www.actualidadadiario.com\/index.php\/wp-json\/wp\/v2\/media?parent=62605"}],"wp:term":[{"taxonomy":"category","embeddable":true,"href":"https:\/\/www.actualidadadiario.com\/index.php\/wp-json\/wp\/v2\/categories?post=62605"},{"taxonomy":"post_tag","embeddable":true,"href":"https:\/\/www.actualidadadiario.com\/index.php\/wp-json\/wp\/v2\/tags?post=62605"}],"curies":[{"name":"wp","href":"https:\/\/api.w.org\/{rel}","templated":true}]}}