{"id":62603,"date":"2020-06-08T13:55:27","date_gmt":"2020-06-08T16:55:27","guid":{"rendered":"https:\/\/www.actualidadadiario.com\/?p=62603"},"modified":"2020-06-08T13:55:27","modified_gmt":"2020-06-08T16:55:27","slug":"diputados-toma-ritmo-con-una-semana-de-trabajo-en-comisiones","status":"publish","type":"post","link":"https:\/\/www.actualidadadiario.com\/index.php\/2020\/06\/08\/diputados-toma-ritmo-con-una-semana-de-trabajo-en-comisiones\/","title":{"rendered":"Diputados toma ritmo con una semana de trabajo en comisiones"},"content":{"rendered":"<p style=\"text-align: center;\"><em><strong>La C\u00e1mara baja est\u00e1 a la espera de que entre el proyecto sobre las grandes fortunas<\/strong><\/em><\/p>\n<p>&nbsp;<\/p>\n<p>&nbsp;<\/p>\n<p>La C\u00e1mara de Diputados retomar\u00e1 esta semana su ritmo habitual con una agenda cargada de reuniones de comisi\u00f3n, aunque el foco principal est\u00e1 puesto en lo que suceda con el proyecto para gravar por \u00fanica vez las grandes fortunas, el cual ya est\u00e1 listo y podr\u00eda ingresar en los pr\u00f3ximos d\u00edas.<\/p>\n<p>La redacci\u00f3n del proyecto ya est\u00e1 &#8220;terminada&#8221;, seg\u00fan anunci\u00f3 d\u00edas atr\u00e1s su autor, el diputado del Frente de Todos Carlos Heller, quien junto al jefe del bloque, M\u00e1ximo Kirchner, idearon este mecanismo extraordinario de recaudaci\u00f3n para poder financiar muchas de las pol\u00edticas de emergencia que est\u00e1 desplegando el Gobierno para compensar la crisis por la pandemia de Covid-19.<\/p>\n<p>El piso de las fortunas que estar\u00e1n alcanzadas por el nuevo tributo ser\u00e1 de 200 millones de pesos, tomando como referencia las declaraciones juradas patrimoniales, y se prev\u00e9 que abarque a un universo de 12.000 personas f\u00edsicas.<\/p>\n","protected":false},"excerpt":{"rendered":"<p>La C\u00e1mara baja est\u00e1 a la espera de que entre el proyecto sobre las grandes fortunas &nbsp; &nbsp; La C\u00e1mara de Diputados retomar\u00e1 esta semana su ritmo habitual con una agenda cargada de reuniones de comisi\u00f3n, aunque el foco principal est\u00e1 puesto en lo que suceda con el proyecto para gravar por \u00fanica vez las grandes fortunas, el cual ya est\u00e1 listo y podr\u00eda ingresar en los pr\u00f3ximos d\u00edas. La redacci\u00f3n del proyecto ya est\u00e1 &#8220;terminada&#8221;, seg\u00fan anunci\u00f3 d\u00edas atr\u00e1s su autor, el diputado del Frente de Todos Carlos Heller,&#8230;<\/p>\n","protected":false},"author":3,"featured_media":62361,"comment_status":"closed","ping_status":"closed","sticky":false,"template":"","format":"standard","meta":[],"categories":[18],"tags":[],"_links":{"self":[{"href":"https:\/\/www.actualidadadiario.com\/index.php\/wp-json\/wp\/v2\/posts\/62603"}],"collection":[{"href":"https:\/\/www.actualidadadiario.com\/index.php\/wp-json\/wp\/v2\/posts"}],"about":[{"href":"https:\/\/www.actualidadadiario.com\/index.php\/wp-json\/wp\/v2\/types\/post"}],"author":[{"embeddable":true,"href":"https:\/\/www.actualidadadiario.com\/index.php\/wp-json\/wp\/v2\/users\/3"}],"replies":[{"embeddable":true,"href":"https:\/\/www.actualidadadiario.com\/index.php\/wp-json\/wp\/v2\/comments?post=62603"}],"version-history":[{"count":1,"href":"https:\/\/www.actualidadadiario.com\/index.php\/wp-json\/wp\/v2\/posts\/62603\/revisions"}],"predecessor-version":[{"id":62604,"href":"https:\/\/www.actualidadadiario.com\/index.php\/wp-json\/wp\/v2\/posts\/62603\/revisions\/62604"}],"wp:featuredmedia":[{"embeddable":true,"href":"https:\/\/www.actualidadadiario.com\/index.php\/wp-json\/wp\/v2\/media\/62361"}],"wp:attachment":[{"href":"https:\/\/www.actualidadadiario.com\/index.php\/wp-json\/wp\/v2\/media?parent=62603"}],"wp:term":[{"taxonomy":"category","embeddable":true,"href":"https:\/\/www.actualidadadiario.com\/index.php\/wp-json\/wp\/v2\/categories?post=62603"},{"taxonomy":"post_tag","embeddable":true,"href":"https:\/\/www.actualidadadiario.com\/index.php\/wp-json\/wp\/v2\/tags?post=62603"}],"curies":[{"name":"wp","href":"https:\/\/api.w.org\/{rel}","templated":true}]}}