{"id":62600,"date":"2020-06-08T13:54:30","date_gmt":"2020-06-08T16:54:30","guid":{"rendered":"https:\/\/www.actualidadadiario.com\/?p=62600"},"modified":"2020-06-08T13:54:30","modified_gmt":"2020-06-08T16:54:30","slug":"siguen-las-repatriaciones-cerca-de-3000-argentinos-regresaran-a-partir-de-este-lunes","status":"publish","type":"post","link":"https:\/\/www.actualidadadiario.com\/index.php\/2020\/06\/08\/siguen-las-repatriaciones-cerca-de-3000-argentinos-regresaran-a-partir-de-este-lunes\/","title":{"rendered":"Siguen las repatriaciones: cerca de 3000 argentinos regresar\u00e1n a partir de este lunes"},"content":{"rendered":"<p style=\"text-align: center;\"><em><strong>La Canciller\u00eda Argentina contin\u00faa organizando repatriaciones de argentinos que quedaron varados en otros pa\u00edses durante la pandemia. El organismo anunci\u00f3, a trav\u00e9s de Twitter, que desde el 8 al 15 de junio alrededor de 3.000 ciudadanos regresar\u00e1n en vuelos especiales. Adem\u00e1s, se\u00f1alaron que este domingo arribaron las \u00faltimas personas que se encontraban en La Habana y Punta Cana<\/strong><\/em><\/p>\n<p>&nbsp;<\/p>\n<p>De acuerdo informaron desde el ministerio de Relaciones Exteriores, Comercio Internacional y Culto, ser\u00e1n 13 vuelos coordinados con las carteras de Transporte, Interior, Salud, Defensa y Seguridad. \u201cVamos avanzando hacia el final de las tareas de repatriaci\u00f3n\u201d, expres\u00f3 al respecto el Jefe de Gabinete de la Canciller\u00eda argentina, Guillermo Justo Chaves. Adem\u00e1s, indic\u00f3 que \u201clos aviones llegan con asientos vac\u00edos\u201d.<\/p>\n<p>Por otra parte, destac\u00f3 que observaron muchos vuelos completos con destino a Estados Unidos y hacia Europa. En tanto, agradeci\u00f3 la tarea diplom\u00e1tica argentina en este escenario y a\u00f1adi\u00f3: \u201cSeguimos trabajando para cumplir el compromiso asumido por el presidente Alberto Fern\u00e1ndez y el Canciller Felipe Sola\u201d. El objetivo es ayudar a retornar a quienes se encontraban en el exterior y fueron sorprendidos por la pandemia.<\/p>\n<p>\u201cLlegaron al pa\u00eds los \u00faltimos argentinos que deseaban regresar desde La Habana y Punta Cana\u201d, comentaron desde la Canciller\u00eda Argentina en una publicaci\u00f3n. A su vez, detallaron que en el vuelo de ida viajaron 16 ciudadanos cubanos y en el de vuelta regresaron 41 habitantes uruguayos y residentes. \u201cLa cooperaci\u00f3n es el camino para enfrentar juntos la pandemia\u201d, aseguraron junto a cuatro fotograf\u00edas.<\/p>\n<p>La cartera, liderada por Felipe Sol\u00e1, precis\u00f3 que los vuelos programados para los pr\u00f3ximos d\u00edas fueron acordados siguiendo las estrictas medidas sanitarias dispuestas por el Ministerio de Salud. La finalidad es evitar la propagaci\u00f3n del coronavirus en el pa\u00eds. El cronograma de vuelos para este lunes incluye tres: Doha, Qatar Airways 281 pax \u2013 Londres, Latam 214 pax y Bogot\u00e1, Avianca 248 pax.<\/p>\n","protected":false},"excerpt":{"rendered":"<p>La Canciller\u00eda Argentina contin\u00faa organizando repatriaciones de argentinos que quedaron varados en otros pa\u00edses durante la pandemia. El organismo anunci\u00f3, a trav\u00e9s de Twitter, que desde el 8 al 15 de junio alrededor de 3.000 ciudadanos regresar\u00e1n en vuelos especiales. Adem\u00e1s, se\u00f1alaron que este domingo arribaron las \u00faltimas personas que se encontraban en La Habana y Punta Cana &nbsp; De acuerdo informaron desde el ministerio de Relaciones Exteriores, Comercio Internacional y Culto, ser\u00e1n 13 vuelos coordinados con las carteras de Transporte, Interior, Salud, Defensa y Seguridad. \u201cVamos avanzando hacia el&#8230;<\/p>\n","protected":false},"author":3,"featured_media":62601,"comment_status":"closed","ping_status":"closed","sticky":false,"template":"","format":"standard","meta":[],"categories":[18],"tags":[],"_links":{"self":[{"href":"https:\/\/www.actualidadadiario.com\/index.php\/wp-json\/wp\/v2\/posts\/62600"}],"collection":[{"href":"https:\/\/www.actualidadadiario.com\/index.php\/wp-json\/wp\/v2\/posts"}],"about":[{"href":"https:\/\/www.actualidadadiario.com\/index.php\/wp-json\/wp\/v2\/types\/post"}],"author":[{"embeddable":true,"href":"https:\/\/www.actualidadadiario.com\/index.php\/wp-json\/wp\/v2\/users\/3"}],"replies":[{"embeddable":true,"href":"https:\/\/www.actualidadadiario.com\/index.php\/wp-json\/wp\/v2\/comments?post=62600"}],"version-history":[{"count":1,"href":"https:\/\/www.actualidadadiario.com\/index.php\/wp-json\/wp\/v2\/posts\/62600\/revisions"}],"predecessor-version":[{"id":62602,"href":"https:\/\/www.actualidadadiario.com\/index.php\/wp-json\/wp\/v2\/posts\/62600\/revisions\/62602"}],"wp:featuredmedia":[{"embeddable":true,"href":"https:\/\/www.actualidadadiario.com\/index.php\/wp-json\/wp\/v2\/media\/62601"}],"wp:attachment":[{"href":"https:\/\/www.actualidadadiario.com\/index.php\/wp-json\/wp\/v2\/media?parent=62600"}],"wp:term":[{"taxonomy":"category","embeddable":true,"href":"https:\/\/www.actualidadadiario.com\/index.php\/wp-json\/wp\/v2\/categories?post=62600"},{"taxonomy":"post_tag","embeddable":true,"href":"https:\/\/www.actualidadadiario.com\/index.php\/wp-json\/wp\/v2\/tags?post=62600"}],"curies":[{"name":"wp","href":"https:\/\/api.w.org\/{rel}","templated":true}]}}