{"id":62598,"date":"2020-06-08T13:53:48","date_gmt":"2020-06-08T16:53:48","guid":{"rendered":"https:\/\/www.actualidadadiario.com\/?p=62598"},"modified":"2020-06-08T13:53:48","modified_gmt":"2020-06-08T16:53:48","slug":"trotta-confirma-que-piensa-la-vuelta-a-clases-para-agosto","status":"publish","type":"post","link":"https:\/\/www.actualidadadiario.com\/index.php\/2020\/06\/08\/trotta-confirma-que-piensa-la-vuelta-a-clases-para-agosto\/","title":{"rendered":"Trotta confirma que piensa la vuelta a clases para agosto"},"content":{"rendered":"<p style=\"text-align: center;\"><em><strong>El ministro de Educaci\u00f3n, Nicol\u00e1s Trotta, admiti\u00f3 la posibilidad de que &#8220;en agosto&#8221; los alumnos regresen a las aulas &#8220;en la mayor\u00eda del pa\u00eds&#8221;, pero aclar\u00f3 que en el \u00c1rea Metropolitana de Buenos Aires (AMBA) es &#8220;muy prematuro decir cu\u00e1ndo&#8221;, ante la pandemia del coronavirus<\/strong><\/em><\/p>\n<p>&nbsp;<\/p>\n<p>&#8220;En casi todo el pa\u00eds, si se sostienen estos niveles de circulaci\u00f3n y la reapertura con el distanciamiento social de muchos sectores del trabajo no tiene un impacto epidemiol\u00f3gico, creo que en la mayor\u00eda del pa\u00eds vamos a poder estar regresando en agosto&#8221;, enfatiz\u00f3 en declaraciones a Radio Rivadavia.<\/p>\n<p>En ese marco, el ministro de Educaci\u00f3n precis\u00f3 que el foco de los contagios est\u00e1 &#8220;en la regi\u00f3n metropolitana, donde hoy es muy prematuro decir cu\u00e1ndo&#8221; se podr\u00eda volver a las clases presenciales.<\/p>\n<p>&#8220;Aqu\u00ed (en el AMBA) hay que esperar las pr\u00f3ximas dos o tres semanas para ver c\u00f3mo se comporta la circulaci\u00f3n; si empieza a haber una ca\u00edda en el nivel de contagios, va a ser una muy buena noticia para proyectar el regreso a las aulas&#8221;, resalt\u00f3. Adem\u00e1s, indic\u00f3 que no tienen &#8220;tanta certeza sobre cu\u00e1ndo&#8221; se podr\u00e1 regresar a las aulas, pero les &#8220;gustar\u00eda pensar que es posible en agosto o en septiembre&#8221;.<\/p>\n<p>&#8220;Estamos preparando los protocolos, teniendo listas las escuelas, capacitando a nuestros docentes y estudiantes sobre lo que va a ser el regreso aula&#8221;, se\u00f1al\u00f3 Trotta.<\/p>\n<p>En sinton\u00eda, explic\u00f3 que &#8220;va a ser un escuela muy distinta a la de marzo, por lo menos hasta que haya una vacuna contra el Covid-19&#8221;, y precis\u00f3: &#8220;Con todos (los niveles acad\u00e9micos) vamos a tener que reorganizar la propuesta pedag\u00f3gica del 2020 y articularla con la del 2021&#8221;.<\/p>\n<p>Consultado sobre los protocolos para abrir las escuelas, respondi\u00f3: &#8220;Est\u00e1 bastante avanzado. La decisi\u00f3n se vincula primero con la salud, con lo epidemiol\u00f3gico, pero estamos avanzando en las comisiones que hemos constituido&#8221;.<\/p>\n<p>&#8220;Se est\u00e1n dando pasos firmes, se est\u00e1n construyendo los consensos. Adem\u00e1s de los protocolos, la situaci\u00f3n, la circulaci\u00f3n del virus, el hecho de que todos tengamos la tranquilidad al momento de volver a las aulas&#8221;, detall\u00f3.<\/p>\n<p>Por \u00faltimo, afirm\u00f3 que &#8220;el di\u00e1logo y la informaci\u00f3n es lo que nos permite prepararnos para el regreso a las aulas, que en muchas provincias lo imaginamos con solidez luego de las vacaciones de invierno, seg\u00fan lo que venimos conversando con gobernadores, ministros y sindicatos&#8221;, concluy\u00f3.<\/p>\n","protected":false},"excerpt":{"rendered":"<p>El ministro de Educaci\u00f3n, Nicol\u00e1s Trotta, admiti\u00f3 la posibilidad de que &#8220;en agosto&#8221; los alumnos regresen a las aulas &#8220;en la mayor\u00eda del pa\u00eds&#8221;, pero aclar\u00f3 que en el \u00c1rea Metropolitana de Buenos Aires (AMBA) es &#8220;muy prematuro decir cu\u00e1ndo&#8221;, ante la pandemia del coronavirus &nbsp; &#8220;En casi todo el pa\u00eds, si se sostienen estos niveles de circulaci\u00f3n y la reapertura con el distanciamiento social de muchos sectores del trabajo no tiene un impacto epidemiol\u00f3gico, creo que en la mayor\u00eda del pa\u00eds vamos a poder estar regresando en agosto&#8221;, enfatiz\u00f3&#8230;<\/p>\n","protected":false},"author":3,"featured_media":56906,"comment_status":"closed","ping_status":"closed","sticky":false,"template":"","format":"standard","meta":[],"categories":[18],"tags":[],"_links":{"self":[{"href":"https:\/\/www.actualidadadiario.com\/index.php\/wp-json\/wp\/v2\/posts\/62598"}],"collection":[{"href":"https:\/\/www.actualidadadiario.com\/index.php\/wp-json\/wp\/v2\/posts"}],"about":[{"href":"https:\/\/www.actualidadadiario.com\/index.php\/wp-json\/wp\/v2\/types\/post"}],"author":[{"embeddable":true,"href":"https:\/\/www.actualidadadiario.com\/index.php\/wp-json\/wp\/v2\/users\/3"}],"replies":[{"embeddable":true,"href":"https:\/\/www.actualidadadiario.com\/index.php\/wp-json\/wp\/v2\/comments?post=62598"}],"version-history":[{"count":1,"href":"https:\/\/www.actualidadadiario.com\/index.php\/wp-json\/wp\/v2\/posts\/62598\/revisions"}],"predecessor-version":[{"id":62599,"href":"https:\/\/www.actualidadadiario.com\/index.php\/wp-json\/wp\/v2\/posts\/62598\/revisions\/62599"}],"wp:featuredmedia":[{"embeddable":true,"href":"https:\/\/www.actualidadadiario.com\/index.php\/wp-json\/wp\/v2\/media\/56906"}],"wp:attachment":[{"href":"https:\/\/www.actualidadadiario.com\/index.php\/wp-json\/wp\/v2\/media?parent=62598"}],"wp:term":[{"taxonomy":"category","embeddable":true,"href":"https:\/\/www.actualidadadiario.com\/index.php\/wp-json\/wp\/v2\/categories?post=62598"},{"taxonomy":"post_tag","embeddable":true,"href":"https:\/\/www.actualidadadiario.com\/index.php\/wp-json\/wp\/v2\/tags?post=62598"}],"curies":[{"name":"wp","href":"https:\/\/api.w.org\/{rel}","templated":true}]}}