{"id":62596,"date":"2020-06-08T13:53:03","date_gmt":"2020-06-08T16:53:03","guid":{"rendered":"https:\/\/www.actualidadadiario.com\/?p=62596"},"modified":"2020-06-08T13:53:03","modified_gmt":"2020-06-08T16:53:03","slug":"guzman-detallo-las-cifras-de-la-herencia-economica-de-macri","status":"publish","type":"post","link":"https:\/\/www.actualidadadiario.com\/index.php\/2020\/06\/08\/guzman-detallo-las-cifras-de-la-herencia-economica-de-macri\/","title":{"rendered":"Guzm\u00e1n detall\u00f3 las cifras de la herencia econ\u00f3mica de Macri"},"content":{"rendered":"<p style=\"text-align: center;\"><em><strong>El Ministro de Econom\u00eda se\u00f1al\u00f3 que al asumir el Gobierno &#8220;Argentina enfrentaba una econom\u00eda en ca\u00edda libre&#8221;<\/strong><\/em><\/p>\n<p>&nbsp;<\/p>\n<p>El Ministro de Econom\u00eda, Mart\u00edn Guzm\u00e1n, detall\u00f3 las cifras econ\u00f3micas del gobierno de Mauricio Macri, y la herencia que dej\u00f3 al Frente de Todos.<\/p>\n<p>\u201cEl 10 de diciembre de 2019, cuando asumimos en el Gobierno, Argentina enfrentaba una econom\u00eda en ca\u00edda libre. Todos los indicadores econ\u00f3micos y sociales ven\u00edan deterior\u00e1ndose\u201d, dijo Guzm\u00e1n en una entrevista que brind\u00f3 al diario Perfil.<\/p>\n<p>En este marco, el funcionario puntualiz\u00f3: \u201cEl desempleo llegaba a 2 d\u00edgitos, la tasa de pobreza encima del 35%. La pobreza de ni\u00f1os y ni\u00f1as menores de 14 a\u00f1os era 52,4%, sumado a la imposibilidad total de refinanciar las deudas. El riesgo pa\u00eds estaba por encima de los 2 mil puntos b\u00e1sicos\u201d.<\/p>\n<p>Guzm\u00e1n explic\u00f3 adem\u00e1s que, como consecuencia del gobierno de Cambiemos, Argentina no ten\u00eda \u201cninguna posibilidad\u201d de acceder al cr\u00e9dito a tasas que le permitiesen refinanciar sus deudas.<\/p>\n<p>El ministro sostuvo que, para completar el escenario, \u201cvino el coronavirus, en todo el mundo, que pone a varios pa\u00edses en una situaci\u00f3n tambi\u00e9n de crisis de deuda\u201d.<\/p>\n<p>\u201cArgentina est\u00e1 primero en la fila, los acreedores ven eso y ven que lo que pase con la Argentina puede implicar algo para lo que siga\u201d, dijo al ser consultado sobre la posibilidad de que se est\u00e9 usando a la Argentina como un laboratorio en las negociaciones de deuda.<\/p>\n","protected":false},"excerpt":{"rendered":"<p>El Ministro de Econom\u00eda se\u00f1al\u00f3 que al asumir el Gobierno &#8220;Argentina enfrentaba una econom\u00eda en ca\u00edda libre&#8221; &nbsp; El Ministro de Econom\u00eda, Mart\u00edn Guzm\u00e1n, detall\u00f3 las cifras econ\u00f3micas del gobierno de Mauricio Macri, y la herencia que dej\u00f3 al Frente de Todos. \u201cEl 10 de diciembre de 2019, cuando asumimos en el Gobierno, Argentina enfrentaba una econom\u00eda en ca\u00edda libre. Todos los indicadores econ\u00f3micos y sociales ven\u00edan deterior\u00e1ndose\u201d, dijo Guzm\u00e1n en una entrevista que brind\u00f3 al diario Perfil. En este marco, el funcionario puntualiz\u00f3: \u201cEl desempleo llegaba a 2 d\u00edgitos,&#8230;<\/p>\n","protected":false},"author":3,"featured_media":59011,"comment_status":"closed","ping_status":"closed","sticky":false,"template":"","format":"standard","meta":[],"categories":[18],"tags":[],"_links":{"self":[{"href":"https:\/\/www.actualidadadiario.com\/index.php\/wp-json\/wp\/v2\/posts\/62596"}],"collection":[{"href":"https:\/\/www.actualidadadiario.com\/index.php\/wp-json\/wp\/v2\/posts"}],"about":[{"href":"https:\/\/www.actualidadadiario.com\/index.php\/wp-json\/wp\/v2\/types\/post"}],"author":[{"embeddable":true,"href":"https:\/\/www.actualidadadiario.com\/index.php\/wp-json\/wp\/v2\/users\/3"}],"replies":[{"embeddable":true,"href":"https:\/\/www.actualidadadiario.com\/index.php\/wp-json\/wp\/v2\/comments?post=62596"}],"version-history":[{"count":1,"href":"https:\/\/www.actualidadadiario.com\/index.php\/wp-json\/wp\/v2\/posts\/62596\/revisions"}],"predecessor-version":[{"id":62597,"href":"https:\/\/www.actualidadadiario.com\/index.php\/wp-json\/wp\/v2\/posts\/62596\/revisions\/62597"}],"wp:featuredmedia":[{"embeddable":true,"href":"https:\/\/www.actualidadadiario.com\/index.php\/wp-json\/wp\/v2\/media\/59011"}],"wp:attachment":[{"href":"https:\/\/www.actualidadadiario.com\/index.php\/wp-json\/wp\/v2\/media?parent=62596"}],"wp:term":[{"taxonomy":"category","embeddable":true,"href":"https:\/\/www.actualidadadiario.com\/index.php\/wp-json\/wp\/v2\/categories?post=62596"},{"taxonomy":"post_tag","embeddable":true,"href":"https:\/\/www.actualidadadiario.com\/index.php\/wp-json\/wp\/v2\/tags?post=62596"}],"curies":[{"name":"wp","href":"https:\/\/api.w.org\/{rel}","templated":true}]}}