{"id":62590,"date":"2020-06-08T13:51:34","date_gmt":"2020-06-08T16:51:34","guid":{"rendered":"https:\/\/www.actualidadadiario.com\/?p=62590"},"modified":"2020-06-08T13:51:34","modified_gmt":"2020-06-08T16:51:34","slug":"alberto-sobre-las-provincias-que-inician-la-etapa-de-distanciamiento-sigamos-su-ejemplo","status":"publish","type":"post","link":"https:\/\/www.actualidadadiario.com\/index.php\/2020\/06\/08\/alberto-sobre-las-provincias-que-inician-la-etapa-de-distanciamiento-sigamos-su-ejemplo\/","title":{"rendered":"Alberto sobre las provincias que inician la etapa de distanciamiento: &#8220;Sigamos su ejemplo&#8221;"},"content":{"rendered":"<p style=\"text-align: center;\"><em><strong>El presidente de la Naci\u00f3n, Alberto Fern\u00e1ndez, felicit\u00f3 a las provincias que inician la etapa de distanciamiento social este lunes. Se trata Tucum\u00e1n, Misiones, Neuqu\u00e9n, Formosa, La Pampa y Santiago del Estero. As\u00ed lo detalla un video publicado en su cuenta de Twitter. En este contexto, dichos territorios dejar\u00e1n atr\u00e1s el aislamiento preventivo y obligatorio decretado por la pandemia del COVID-19 y retomar\u00e1n muchas de sus actividades<\/strong><\/em><\/p>\n<p>&nbsp;<\/p>\n<p>\u201cEn los \u00faltimos d\u00edas visit\u00e9 provincias donde la econom\u00eda comenz\u00f3 a reactivarse\u201d, encabez\u00f3 el jefe de Estado en la publicaci\u00f3n y agreg\u00f3: \u201cCumpliendo los protocolos sanitarios\u201d. De este modo, se\u00f1al\u00f3 que estos lugares iniciar\u00e1n este lunes la etapa de distanciamiento social y valor\u00f3 su responsabilidad durante la cuarentena: \u201cLo lograron gracias a que se cuidaron entre todos y todas, sigamos su ejemplo\u201d.<\/p>\n<p>El posteo del mandatario est\u00e1 acompa\u00f1ado por un video. El material audiovisual muestra algunos momentos de su visita al interior del pa\u00eds d\u00edas atr\u00e1s. No obstante, el viaje del presidente despert\u00f3 la pol\u00e9mica, ya que circulan versiones sobre la falta de cuidados sanitarios. Por este motivo, desde Casa Rosado emitieron un comunicado de prensa con el fin de evitar la desinformaci\u00f3n y aclarar algunos detalles al respecto.<\/p>\n<p>\u201cEl Gobierno nacional informa que la comitiva que realiz\u00f3 la visita estuvo compuesta por el propio mandatario y un escaso n\u00famero de funcionarios\u201d, explica el texto y agrega que tambi\u00e9n asisti\u00f3 una dotaci\u00f3n de personal de seguridad y protocolo. Adem\u00e1s, se\u00f1ala que Alberto Fern\u00e1ndez y sus acompa\u00f1antes visitaron la residencia oficial del gobernador neuquino Omar Guti\u00e9rrez, pero no la ciudad de Villa La Angostura.<\/p>\n<p>Antes de finalizar, el comunicado resalta que \u201cen todo momento\u201d se respetaron los protocolos sanitarios de distancia social y aislamientos. Dichos mecanismos de control fueron recomendados por expertos nacionales e internacionales, con la finalidad de prevenir el avance de la pandemia ocasionada por el coronavirus. En su visita, la delegaci\u00f3n particip\u00f3 de un acto de inauguraci\u00f3n de una planta de tratamientos de l\u00edquidos cloacales.<\/p>\n","protected":false},"excerpt":{"rendered":"<p>El presidente de la Naci\u00f3n, Alberto Fern\u00e1ndez, felicit\u00f3 a las provincias que inician la etapa de distanciamiento social este lunes. Se trata Tucum\u00e1n, Misiones, Neuqu\u00e9n, Formosa, La Pampa y Santiago del Estero. As\u00ed lo detalla un video publicado en su cuenta de Twitter. En este contexto, dichos territorios dejar\u00e1n atr\u00e1s el aislamiento preventivo y obligatorio decretado por la pandemia del COVID-19 y retomar\u00e1n muchas de sus actividades &nbsp; \u201cEn los \u00faltimos d\u00edas visit\u00e9 provincias donde la econom\u00eda comenz\u00f3 a reactivarse\u201d, encabez\u00f3 el jefe de Estado en la publicaci\u00f3n y agreg\u00f3:&#8230;<\/p>\n","protected":false},"author":3,"featured_media":62591,"comment_status":"closed","ping_status":"closed","sticky":false,"template":"","format":"standard","meta":[],"categories":[9],"tags":[],"_links":{"self":[{"href":"https:\/\/www.actualidadadiario.com\/index.php\/wp-json\/wp\/v2\/posts\/62590"}],"collection":[{"href":"https:\/\/www.actualidadadiario.com\/index.php\/wp-json\/wp\/v2\/posts"}],"about":[{"href":"https:\/\/www.actualidadadiario.com\/index.php\/wp-json\/wp\/v2\/types\/post"}],"author":[{"embeddable":true,"href":"https:\/\/www.actualidadadiario.com\/index.php\/wp-json\/wp\/v2\/users\/3"}],"replies":[{"embeddable":true,"href":"https:\/\/www.actualidadadiario.com\/index.php\/wp-json\/wp\/v2\/comments?post=62590"}],"version-history":[{"count":1,"href":"https:\/\/www.actualidadadiario.com\/index.php\/wp-json\/wp\/v2\/posts\/62590\/revisions"}],"predecessor-version":[{"id":62592,"href":"https:\/\/www.actualidadadiario.com\/index.php\/wp-json\/wp\/v2\/posts\/62590\/revisions\/62592"}],"wp:featuredmedia":[{"embeddable":true,"href":"https:\/\/www.actualidadadiario.com\/index.php\/wp-json\/wp\/v2\/media\/62591"}],"wp:attachment":[{"href":"https:\/\/www.actualidadadiario.com\/index.php\/wp-json\/wp\/v2\/media?parent=62590"}],"wp:term":[{"taxonomy":"category","embeddable":true,"href":"https:\/\/www.actualidadadiario.com\/index.php\/wp-json\/wp\/v2\/categories?post=62590"},{"taxonomy":"post_tag","embeddable":true,"href":"https:\/\/www.actualidadadiario.com\/index.php\/wp-json\/wp\/v2\/tags?post=62590"}],"curies":[{"name":"wp","href":"https:\/\/api.w.org\/{rel}","templated":true}]}}