{"id":62587,"date":"2020-06-08T13:50:50","date_gmt":"2020-06-08T16:50:50","guid":{"rendered":"https:\/\/www.actualidadadiario.com\/?p=62587"},"modified":"2020-06-08T13:50:50","modified_gmt":"2020-06-08T16:50:50","slug":"el-gobernador-de-san-juan-sera-el-primero-en-firmar-el-plan-argentina-construye","status":"publish","type":"post","link":"https:\/\/www.actualidadadiario.com\/index.php\/2020\/06\/08\/el-gobernador-de-san-juan-sera-el-primero-en-firmar-el-plan-argentina-construye\/","title":{"rendered":"El gobernador de San Juan ser\u00e1 el primero en firmar el plan Argentina Construye"},"content":{"rendered":"<p style=\"text-align: center;\"><em><strong>El jefe de Gabinete, Santiago Cafiero, recibir\u00e1 junto\u00a0 Mar\u00eda Eugenia Bielsa al gobernador de San Juan, Sergio U\u00f1ac, para firmar el plan Argentina Construye. U\u00f1ac ser\u00e1 el primer mandatario provincial en estampar su firma en el proyecto para\u00a0 la construcci\u00f3n de 5.500 nuevas viviendas<\/strong><\/em><\/p>\n<p>&nbsp;<\/p>\n<p>&nbsp;<\/p>\n<p>El Gobierno quiere retomar la agenda pol\u00edtica pospandemia. En esa l\u00ednea, el jefe de Gabinete, Santiago Cafiero, recibir\u00e1 junto a la ministra de Desarrollo Territorial y H\u00e1bitat, Mar\u00eda Eugenia Bielsa, al gobernador de San Juan, Sergio U\u00f1ac, para firmar un convenio en el marco del plan federal de inversi\u00f3n p\u00fablica Argentina Construye. U\u00f1ac ser\u00e1 el primer mandatario provincial en estampar su firma en ese texto.<\/p>\n<p>A las 14:30 se espera la llegada del gobernador sanjuanino a la Casa Rosada para que la provincia se una al plan Argentina Construye. El jefe de Gabinete y la ministra Bielsa estar\u00e1n al frente del acto de la firma del convenio que lanz\u00f3 a principios de mes el presidente Alberto Fern\u00e1ndez. San Juan se unir\u00e1 a las provincias de Buenos Aires, Santa Fe y Entre R\u00edos que fueron las primeras en sumarse a la iniciativa. En uno de los\u00a0 primeros viajes por el interior, Fern\u00e1ndez tambi\u00e9n sum\u00f3 a la iniciativa\u00a0 la semana pasada a Formosa y Misiones.<\/p>\n<p>El plan Argentina Construye es un programa federal de inversi\u00f3n p\u00fablica que impulsa el gobierno nacional con el que aspira a &#8220;generar 750.000 nuevos puestos de trabajo en 2020 y 2021 a trav\u00e9s de una inversi\u00f3n de 28.000 millones de pesos&#8221;, seg\u00fan se inform\u00f3. El programa &#8220;est\u00e1 dise\u00f1ado para responder ante la emergencia, atender los d\u00e9ficits de vivienda, de infraestructura sanitaria y de equipamiento urbano y el objetivo es dinamizar la obra p\u00fablica, privada y de todas las industrias relacionadas a la construcci\u00f3n&#8221;.<\/p>\n<p>El ministerio que encabeza Bielsa est\u00e1 a cargo del despliegue del programa que articula &#8220;con pymes, cooperativas, gremios, empresas de servicios p\u00fablicos, gobiernos locales, mutuales, trabajadores independientes y autoconstrucci\u00f3n&#8221;. Como se inform\u00f3 al momento de la presentaci\u00f3n del programa, &#8220;el trabajo en conjunto permitir\u00e1 la construcci\u00f3n de 5.500 nuevas viviendas que se suman a las treinta mil en las que el ministerio ya viene trabajando, la refacci\u00f3n de 42.900 unidades habitacionales, la entrega de 200.000 cr\u00e9ditos y 4.000 subsidios para la compra de materiales, la fabricaci\u00f3n de 1.250 n\u00facleos sanitarios, la dotaci\u00f3n de equipamiento comunitario para atender la emergencia y la generaci\u00f3n de dos mil lotes urbanos con servicios disponibles para construcci\u00f3n de viviendas&#8221;.<\/p>\n<p>En la cartera de Desarrollo Territorial y H\u00e1bitat destacaron que con el desarrollo del Argentina Construye &#8220;se brinda una perspectiva federal a la problem\u00e1tica de acceso a la vivienda, revalorizando la tarea de las organizaciones barriales, y brindando dos beneficios inmediatos a trav\u00e9s de la construcci\u00f3n de viviendas e infraestructura p\u00fablica: empleo genuino para quienes construyen y un hogar digno para quienes las habitar\u00e1n&#8221;.<\/p>\n","protected":false},"excerpt":{"rendered":"<p>El jefe de Gabinete, Santiago Cafiero, recibir\u00e1 junto\u00a0 Mar\u00eda Eugenia Bielsa al gobernador de San Juan, Sergio U\u00f1ac, para firmar el plan Argentina Construye. U\u00f1ac ser\u00e1 el primer mandatario provincial en estampar su firma en el proyecto para\u00a0 la construcci\u00f3n de 5.500 nuevas viviendas &nbsp; &nbsp; El Gobierno quiere retomar la agenda pol\u00edtica pospandemia. En esa l\u00ednea, el jefe de Gabinete, Santiago Cafiero, recibir\u00e1 junto a la ministra de Desarrollo Territorial y H\u00e1bitat, Mar\u00eda Eugenia Bielsa, al gobernador de San Juan, Sergio U\u00f1ac, para firmar un convenio en el marco&#8230;<\/p>\n","protected":false},"author":3,"featured_media":62588,"comment_status":"closed","ping_status":"closed","sticky":false,"template":"","format":"standard","meta":[],"categories":[2],"tags":[],"_links":{"self":[{"href":"https:\/\/www.actualidadadiario.com\/index.php\/wp-json\/wp\/v2\/posts\/62587"}],"collection":[{"href":"https:\/\/www.actualidadadiario.com\/index.php\/wp-json\/wp\/v2\/posts"}],"about":[{"href":"https:\/\/www.actualidadadiario.com\/index.php\/wp-json\/wp\/v2\/types\/post"}],"author":[{"embeddable":true,"href":"https:\/\/www.actualidadadiario.com\/index.php\/wp-json\/wp\/v2\/users\/3"}],"replies":[{"embeddable":true,"href":"https:\/\/www.actualidadadiario.com\/index.php\/wp-json\/wp\/v2\/comments?post=62587"}],"version-history":[{"count":1,"href":"https:\/\/www.actualidadadiario.com\/index.php\/wp-json\/wp\/v2\/posts\/62587\/revisions"}],"predecessor-version":[{"id":62589,"href":"https:\/\/www.actualidadadiario.com\/index.php\/wp-json\/wp\/v2\/posts\/62587\/revisions\/62589"}],"wp:featuredmedia":[{"embeddable":true,"href":"https:\/\/www.actualidadadiario.com\/index.php\/wp-json\/wp\/v2\/media\/62588"}],"wp:attachment":[{"href":"https:\/\/www.actualidadadiario.com\/index.php\/wp-json\/wp\/v2\/media?parent=62587"}],"wp:term":[{"taxonomy":"category","embeddable":true,"href":"https:\/\/www.actualidadadiario.com\/index.php\/wp-json\/wp\/v2\/categories?post=62587"},{"taxonomy":"post_tag","embeddable":true,"href":"https:\/\/www.actualidadadiario.com\/index.php\/wp-json\/wp\/v2\/tags?post=62587"}],"curies":[{"name":"wp","href":"https:\/\/api.w.org\/{rel}","templated":true}]}}